{"id":446,"date":"2021-03-08T10:38:15","date_gmt":"2021-03-08T09:38:15","guid":{"rendered":"https:\/\/ifl.sk\/?p=446"},"modified":"2021-03-08T10:46:36","modified_gmt":"2021-03-08T09:46:36","slug":"kozeleg-az-adobevallas-hatarideje","status":"publish","type":"post","link":"https:\/\/ifl.sk\/hu\/kozeleg-az-adobevallas-hatarideje","title":{"rendered":"K\u00f6zeleg az ad\u00f3bevall\u00e1s hat\u00e1rideje"},"content":{"rendered":"<p>Miel\u0151tt azonban sz\u00ednt vallan\u00e1nk tavalyi bev\u00e9teleinkr\u0151l, ne feledj\u00fck, hogy a parlament nemr\u00e9g t\u00f6bb m\u00f3dos\u00edt\u00e1st is elfogadott az ad\u00f3bevall\u00e1sokkal kapcsolatban. Ezekr\u0151l k\u00e9rdezte Kiss bartalos \u00c9va Fiala Lajos ad\u00f3szak\u00e9rt\u0151t.<\/p>\n<p>&nbsp;<\/p>\n<div class=\"sc_fancy_player_container\"><audio class=\"wp-audio-shortcode\" id=\"audio-446-1\" preload=\"none\" style=\"width: 100%;\" controls=\"controls\"><source type=\"audio\/mpeg\" src=\"https:\/\/radio-arch-pp.stv.livebox.sk\/a520\/00\/0026\/002645\/00264525-1.mp3?_=1\" \/><a href=\"https:\/\/radio-arch-pp.stv.livebox.sk\/a520\/00\/0026\/002645\/00264525-1.mp3\">https:\/\/radio-arch-pp.stv.livebox.sk\/a520\/00\/0026\/002645\/00264525-1.mp3<\/a><\/audio><\/div>\n<p>&nbsp;<\/p>\n<p><em>Forr\u00e1s: <a href=\"https:\/\/patria.rtvs.sk\/clanky\/reggeli-ranajky\/249565\/kozeleg-az-adobevallas-hatarideje\" target=\"_blank\" rel=\"noopener\">https:\/\/patria.rtvs.sk\/<\/a><\/em><\/p>\n","protected":false},"excerpt":{"rendered":"<p>Miel\u0151tt azonban sz\u00ednt vallan\u00e1nk tavalyi bev\u00e9teleinkr\u0151l, ne feledj\u00fck, hogy a parlament nemr\u00e9g t\u00f6bb m\u00f3dos\u00edt\u00e1st is elfogadott az ad\u00f3bevall\u00e1sokkal kapcsolatban. Ezekr\u0151l k\u00e9rdezte Kiss bartalos \u00c9va Fiala Lajos<span class=\"excerpt-hellip\"> [\u2026]<\/span><\/p>\n","protected":false},"author":2,"featured_media":447,"comment_status":"open","ping_status":"open","sticky":false,"template":"","format":"standard","meta":{"footnotes":""},"categories":[29],"tags":[],"class_list":["post-446","post","type-post","status-publish","format-standard","has-post-thumbnail","hentry","category-adozas"],"acf":[],"yoast_head":"<!-- This site is optimized with the Yoast SEO Premium plugin v15.2 - https:\/\/yoast.com\/wordpress\/plugins\/seo\/ -->\n<title>K\u00f6zeleg az ad\u00f3bevall\u00e1s hat\u00e1rideje - Ing. Ludov\u00edt Fiala - IFL<\/title>\n<meta name=\"robots\" content=\"index, follow, max-snippet:-1, max-image-preview:large, max-video-preview:-1\" \/>\n<link rel=\"canonical\" href=\"https:\/\/ifl.sk\/hu\/kozeleg-az-adobevallas-hatarideje\" \/>\n<meta property=\"og:locale\" content=\"hu_HU\" \/>\n<meta property=\"og:type\" content=\"article\" \/>\n<meta property=\"og:title\" content=\"K\u00f6zeleg az ad\u00f3bevall\u00e1s hat\u00e1rideje - Ing. Ludov\u00edt Fiala - IFL\" \/>\n<meta property=\"og:description\" content=\"Miel\u0151tt azonban sz\u00ednt vallan\u00e1nk tavalyi bev\u00e9teleinkr\u0151l, ne feledj\u00fck, hogy a parlament nemr\u00e9g t\u00f6bb m\u00f3dos\u00edt\u00e1st is elfogadott az ad\u00f3bevall\u00e1sokkal kapcsolatban. Ezekr\u0151l k\u00e9rdezte Kiss bartalos \u00c9va Fiala Lajos [\u2026]\" \/>\n<meta property=\"og:url\" content=\"https:\/\/ifl.sk\/hu\/kozeleg-az-adobevallas-hatarideje\" \/>\n<meta property=\"og:site_name\" content=\"Ing. Ludov\u00edt Fiala - IFL\" \/>\n<meta property=\"article:published_time\" content=\"2021-03-08T09:38:15+00:00\" \/>\n<meta property=\"article:modified_time\" content=\"2021-03-08T09:46:36+00:00\" \/>\n<meta property=\"og:image\" content=\"https:\/\/ifl.sk\/wp-content\/uploads\/2021\/03\/patria-radio.jpg\" \/>\n\t<meta property=\"og:image:width\" content=\"1920\" \/>\n\t<meta property=\"og:image:height\" content=\"1080\" \/>\n<meta name=\"twitter:card\" content=\"summary_large_image\" \/>\n<meta name=\"twitter:label1\" value=\"Szerz\u0151:\">\n\t<meta name=\"twitter:data1\" value=\"Webmaster\">\n\t<meta name=\"twitter:label2\" value=\"Becs\u00fclt olvas\u00e1si id\u0151\">\n\t<meta name=\"twitter:data2\" value=\"0 perc\">\n<script type=\"application\/ld+json\" class=\"yoast-schema-graph\">{\"@context\":\"https:\/\/schema.org\",\"@graph\":[{\"@type\":\"WebSite\",\"@id\":\"https:\/\/ifl.sk\/#website\",\"url\":\"https:\/\/ifl.sk\/\",\"name\":\"Ing. Ludov\\u00edt Fiala - IFL\",\"description\":\"\\u00da\\u010dtovn\\u00edctvo a da\\u0148ov\\u00e9 poradenstvo\",\"potentialAction\":[{\"@type\":\"SearchAction\",\"target\":\"https:\/\/ifl.sk\/?s={search_term_string}\",\"query-input\":\"required name=search_term_string\"}],\"inLanguage\":\"hu\"},{\"@type\":\"ImageObject\",\"@id\":\"https:\/\/ifl.sk\/hu\/kozeleg-az-adobevallas-hatarideje#primaryimage\",\"inLanguage\":\"hu\",\"url\":\"https:\/\/ifl.sk\/wp-content\/uploads\/2021\/03\/patria-radio.jpg\",\"width\":1920,\"height\":1080},{\"@type\":\"WebPage\",\"@id\":\"https:\/\/ifl.sk\/hu\/kozeleg-az-adobevallas-hatarideje#webpage\",\"url\":\"https:\/\/ifl.sk\/hu\/kozeleg-az-adobevallas-hatarideje\",\"name\":\"K\\u00f6zeleg az ad\\u00f3bevall\\u00e1s hat\\u00e1rideje - Ing. Ludov\\u00edt Fiala - IFL\",\"isPartOf\":{\"@id\":\"https:\/\/ifl.sk\/#website\"},\"primaryImageOfPage\":{\"@id\":\"https:\/\/ifl.sk\/hu\/kozeleg-az-adobevallas-hatarideje#primaryimage\"},\"datePublished\":\"2021-03-08T09:38:15+00:00\",\"dateModified\":\"2021-03-08T09:46:36+00:00\",\"author\":{\"@id\":\"https:\/\/ifl.sk\/#\/schema\/person\/65fdd36dbb51fc14daad28e78bca81d8\"},\"inLanguage\":\"hu\",\"potentialAction\":[{\"@type\":\"ReadAction\",\"target\":[\"https:\/\/ifl.sk\/hu\/kozeleg-az-adobevallas-hatarideje\"]}]},{\"@type\":\"Person\",\"@id\":\"https:\/\/ifl.sk\/#\/schema\/person\/65fdd36dbb51fc14daad28e78bca81d8\",\"name\":\"Webmaster\",\"image\":{\"@type\":\"ImageObject\",\"@id\":\"https:\/\/ifl.sk\/#personlogo\",\"inLanguage\":\"hu\",\"url\":\"https:\/\/secure.gravatar.com\/avatar\/fa59eca08843b85c389150eefabacd4804ff4c76f167dee611a1cc2a88021a3d?s=96&d=mm&r=g\",\"caption\":\"Webmaster\"}},{\"@type\":\"Place\",\"@id\":\"https:\/\/ifl.sk\/hu\/kozeleg-az-adobevallas-hatarideje#local-place\",\"address\":{\"@type\":\"PostalAddress\",\"@id\":\"https:\/\/ifl.sk\/hu\/kozeleg-az-adobevallas-hatarideje#local-place-address\",\"streetAddress\":\"\",\"addressLocality\":\"\",\"postalCode\":\"\",\"addressRegion\":\"\",\"addressCountry\":\"\"},\"geo\":{\"@type\":\"GeoCoordinates\",\"latitude\":\"\",\"longitude\":\"\"},\"openingHoursSpecification\":[{\"@type\":\"OpeningHoursSpecification\",\"dayOfWeek\":[\"Monday\",\"Tuesday\",\"Wednesday\",\"Thursday\",\"Friday\",\"Saturday\",\"Sunday\"],\"opens\":\"09:00\",\"closes\":\"17:00\"}]}]}<\/script>\n<!-- \/ Yoast SEO Premium plugin. -->","_links":{"self":[{"href":"https:\/\/ifl.sk\/hu\/wp-json\/wp\/v2\/posts\/446","targetHints":{"allow":["GET"]}}],"collection":[{"href":"https:\/\/ifl.sk\/hu\/wp-json\/wp\/v2\/posts"}],"about":[{"href":"https:\/\/ifl.sk\/hu\/wp-json\/wp\/v2\/types\/post"}],"author":[{"embeddable":true,"href":"https:\/\/ifl.sk\/hu\/wp-json\/wp\/v2\/users\/2"}],"replies":[{"embeddable":true,"href":"https:\/\/ifl.sk\/hu\/wp-json\/wp\/v2\/comments?post=446"}],"version-history":[{"count":5,"href":"https:\/\/ifl.sk\/hu\/wp-json\/wp\/v2\/posts\/446\/revisions"}],"predecessor-version":[{"id":456,"href":"https:\/\/ifl.sk\/hu\/wp-json\/wp\/v2\/posts\/446\/revisions\/456"}],"wp:featuredmedia":[{"embeddable":true,"href":"https:\/\/ifl.sk\/hu\/wp-json\/wp\/v2\/media\/447"}],"wp:attachment":[{"href":"https:\/\/ifl.sk\/hu\/wp-json\/wp\/v2\/media?parent=446"}],"wp:term":[{"taxonomy":"category","embeddable":true,"href":"https:\/\/ifl.sk\/hu\/wp-json\/wp\/v2\/categories?post=446"},{"taxonomy":"post_tag","embeddable":true,"href":"https:\/\/ifl.sk\/hu\/wp-json\/wp\/v2\/tags?post=446"}],"curies":[{"name":"wp","href":"https:\/\/api.w.org\/{rel}","templated":true}]}}