{"id":542,"date":"2024-02-22T10:31:05","date_gmt":"2024-02-22T09:31:05","guid":{"rendered":"https:\/\/ifl.sk\/?p=542"},"modified":"2024-02-22T10:53:07","modified_gmt":"2024-02-22T09:53:07","slug":"szemelyi-adobevallas-2023-ra-amit-tudni-kell","status":"publish","type":"post","link":"https:\/\/ifl.sk\/hu\/szemelyi-adobevallas-2023-ra-amit-tudni-kell","title":{"rendered":"Szem\u00e9lyi ad\u00f3bevall\u00e1s 2023-ra: amit tudni kell"},"content":{"rendered":"<p><strong>Inform\u00e1ci\u00f3k a 2023-as \u00e9vre vonatkoz\u00f3 szem\u00e9lyi j\u00f6vedelemad\u00f3 bevall\u00e1sr\u00f3l kock\u00e1ban &#8211; fontos sz\u00e1mok, mint p\u00e9ld\u00e1ul az ad\u00f3mentes r\u00e9szek \u00f6sszege, ad\u00f3kulcsok, gyermek ut\u00e1ni \u00e9s fizetett kamat ut\u00e1ni ad\u00f3kedvezm\u00e9ny, valamint fontos d\u00e1tumok.<\/strong><\/p>\n<p>A szem\u00e9lyi j\u00f6vedelemad\u00f3bevall\u00e1st az 595\/2003 t\u00f6rv\u00e9ny szab\u00e1lyozza (a tov\u00e1bbiakban: Szja tv.).<\/p>\n<h2>Mikor k\u00f6teles a term\u00e9szetes szem\u00e9ly 2023-ra vonatkoz\u00f3 ad\u00f3bevall\u00e1st beny\u00fajtani?<\/h2>\n<p>A 2023. \u00e9vi szem\u00e9lyi j\u00f6vedelemad\u00f3 bevall\u00e1st az a mag\u00e1nszem\u00e9ly ny\u00fajtja be, akinek j\u00f6vedelme:<\/p>\n<ul>\n<li>2023-ban meghaladta\u00a0 a 2461,41 eur\u00f3t\u00a0,<\/li>\n<li>2023-ban\u00a0ugyan nem haladta meg a 2461,41 eur\u00f3t,\u00a0 de vesztes\u00f6get mutat ki a v\u00e1llalkoz\u00e1s\u00e1b\u00f3l<\/li>\n<li>vagy akit\u00a0az ad\u00f3hivatal felsz\u00f3l\u00edtott bevall\u00e1s beny\u00fajt\u00e1s\u00e1ra\u00a0, holott e term\u00e9szetes szem\u00e9ly eset\u00e9ben az el\u0151z\u0151 k\u00e9t pont szerint nem keletkezett bevall\u00e1si k\u00f6telezetts\u00e9ge.<\/li>\n<\/ul>\n<p>A term\u00e9szetes szem\u00e9ly \u00f6nk\u00e9nt\u00a0is beny\u00fajthat ad\u00f3bevall\u00e1st\u00a0, ha \u00fagy d\u00f6nt.\u00a0P\u00e9ld\u00e1ul\u00a0ha az ad\u00f3z\u00f3nak 2023-ban nem volt 2461,41 eur\u00f3n\u00e1l nagyobb j\u00f6vedelme, \u00e9s nem \u00e9rt el ad\u00f3vesztes\u00e9get, de 2023-ban szem\u00e9lyi j\u00f6vedelemad\u00f3-el\u0151leget fizetett (pl. olyan munkav\u00e1llal\u00f3, aki az \u00e9vnek csak egy r\u00e9sz\u00e9t dolgozta, \u00e9s ezt k\u00f6vet\u0151en a munka\u00fcgyi hivatalban nyilv\u00e1ntart\u00e1sba vett\u00e9k).\u00a0Az ilyen szem\u00e9lyn\u00e9l ad\u00f3t\u00falfizet\u00e9s keletkezhet, ez\u00e9rt \u00e9rdemes bevall\u00e1st tenni.<\/p>\n<h2>A \u00e9s B t\u00edpus\u00fa term\u00e9szetes szem\u00e9ly 2023. \u00e9vi ad\u00f3bevall\u00e1sa<\/h2>\n<p>A 2023-as \u00e9vre vonatkoz\u00f3an k\u00e9tf\u00e9le term\u00e9szetes szem\u00e9ly \u00e1ltal beny\u00fajtott ad\u00f3bevall\u00e1st k\u00fcl\u00f6nb\u00f6ztet\u00fcnk meg:<\/p>\n<ul>\n<li>szem\u00e9lyi j\u00f6vedelemad\u00f3 bevall\u00e1s &#8211; A t\u00edpus\u00fa,<\/li>\n<li>szem\u00e9lyi j\u00f6vedelemad\u00f3 bevall\u00e1s &#8211; B t\u00edpus\u00fa.<\/li>\n<\/ul>\n<p>A k\u00f6zt\u00fck l\u00e9v\u0151 k\u00fcl\u00f6nbs\u00e9g, ill\u00a0a t\u00e1bl\u00e1zat le\u00edrja, hogy melyik term\u00e9szetes szem\u00e9ly milyen ad\u00f3bevall\u00e1st ny\u00fajt be:<\/p>\n<table>\n<tbody>\n<tr>\n<td width=\"302\"><strong>Ad\u00f3bevall\u00e1s t\u00edpusa<\/strong><\/td>\n<td width=\"302\"><strong>Kinek kell adobevall\u00e1st be adni?<\/strong><\/td>\n<\/tr>\n<tr>\n<td width=\"302\">Szem\u00e9lyi j\u00f6vedelemad\u00f3 bevall\u00e1s &#8211; A t\u00edpus\u00fa<\/td>\n<td width=\"302\">Olyan term\u00e9szetes szem\u00e9ly, aki\u00a0csak munkaviszonyb\u00f3l, vagy hasonl\u00f3 forr\u00e1sb\u00f3l szerez j\u00f6vedelmet\u00a0, p\u00e9ld\u00e1ul alkalmazott<\/td>\n<\/tr>\n<tr>\n<td width=\"302\">Szem\u00e9lyi j\u00f6vedelemad\u00f3 bevall\u00e1s &#8211; B t\u00edpus\u00fa<\/td>\n<td width=\"302\">Minden egy\u00e9b eset\u00a0\u2013 azaz olyan term\u00e9szetes szem\u00e9lyek, akik munkaviszonyb\u00f3l, v\u00e1llalkoz\u00e1sb\u00f3l, egy\u00e9b \u00f6n\u00e1ll\u00f3 tev\u00e9kenys\u00e9gb\u0151l, b\u00e9rbead\u00e1sb\u00f3l, munkav\u00e9gz\u00e9sb\u0151l \u00e9s m\u0171v\u00e9szi el\u0151ad\u00e1sb\u00f3l, t\u00e1rgyi eszk\u00f6z\u00f6k elad\u00e1s\u00e1b\u00f3l vagy egy\u00e9b forr\u00e1sb\u00f3l vagy e j\u00f6vedelmek kombin\u00e1ci\u00f3j\u00e1b\u00f3l sz\u00e1rmaz\u00f3 j\u00f6vedelemhez jutnak.<\/td>\n<\/tr>\n<\/tbody>\n<\/table>\n<h2>A term\u00e9szetes szem\u00e9ly 2023. \u00e9vi ad\u00f3k\u00f6teles j\u00f6vedelme<\/h2>\n<p>A term\u00e9szetes szem\u00e9ly \u00f6sszes ad\u00f3k\u00f6teles j\u00f6vedelme\u00a0mag\u00e1ban foglal\u00a0minden olyan j\u00f6vedelmet, amely ad\u00f3k\u00f6teles (pl. v\u00e1llalkoz\u00e1si, munkaviszonyb\u00f3l sz\u00e1rmaz\u00f3, vagyoni vagy egy\u00e9b j\u00f6vedelem &#8211; ingatlan\u00e9rt\u00e9kes\u00edt\u00e9sb\u0151l sz\u00e1rmaz\u00f3 j\u00f6vedelem stb.), \u00e9s nem ad\u00f3mentes (pl. szoci\u00e1lis juttat\u00e1sok, t\u00e1pp\u00e9nz stb.), ide\u00e9rtve a k\u00fclf\u00f6ldr\u0151l sz\u00e1rmaz\u00f3 j\u00f6vedelmet is, ha a term\u00e9szetes szem\u00e9ly a Szlov\u00e1k K\u00f6zt\u00e1rsas\u00e1gban belf\u00f6ldi illet\u0151s\u00e9g\u0171 (azaz korl\u00e1tlan ad\u00f3k\u00f6telezetts\u00e9g\u0171 ad\u00f3alany).<\/p>\n<p>Ezzel szemben a term\u00e9szetes szem\u00e9ly nem sz\u00e1m\u00edtja be az ad\u00f3k\u00f6teles j\u00f6vedelm\u00e9be az \u00fan.\u00a0forr\u00e1slevon\u00e1s \u00fatj\u00e1n szerzett j\u00f6vedelmet (Szja tv. 43. \u00a7), ha:<\/p>\n<ul>\n<li>az ad\u00f3k\u00f6telezetts\u00e9get a forr\u00e1sad\u00f3 beszed\u00e9s\u00e9vel teljes\u00edtettnek kell tekinteni, ill<\/li>\n<li>ha az ad\u00f3z\u00f3 \u00fagy d\u00f6nt, hogy a forr\u00e1sad\u00f3t nem tekinti ad\u00f3el\u0151legnek (pl. ha a term\u00e9szetes szem\u00e9ly bev\u00e9telt szerzett &#8211; szerz\u0151k\u00e9nt olyan honor\u00e1riumot, amelyet m\u00e1r &#8222;nett\u00f3 j\u00f6vedelemk\u00e9nt&#8221;, azaz a forr\u00e1sad\u00f3val cs\u00f6kkentett ).<\/li>\n<\/ul>\n<h2>SZJA-mentes j\u00f6vedelem 2023-ra<\/h2>\n<p>A nem teljes k\u00f6r\u0171en ad\u00f3ztatott j\u00f6vedelmek, mivel a j\u00f6vedelemad\u00f3-t\u00f6rv\u00e9ny \u00e9rtelm\u00e9ben\u00a0500 eur\u00f3ig ad\u00f3mentesek\u00a0, f\u0151k\u00e9nt:<\/p>\n<ul>\n<li>ingatlan b\u00e9rbead\u00e1sb\u00f3l sz\u00e1rmaz\u00f3 bev\u00e9tel (6. \u00a7 (3) bekezd\u00e9s)<\/li>\n<li>alkalmi tev\u00e9kenys\u00e9gb\u0151l sz\u00e1rmaz\u00f3 bev\u00e9tel (8. \u00a7 (1) bekezd\u00e9s a) pont).<\/li>\n<\/ul>\n<p>Az a term\u00e9szetes szem\u00e9ly, aki az ad\u00f3z\u00e1si id\u0151szakban a fent eml\u00edtett bev\u00e9tel \u00f6sszeg\u00e9t el\u00e9ri 500 eur\u00f3ig, ezt a bev\u00e9telt nem k\u00f6teles bevall\u00e1s\u00e1ban felt\u00fcntetni.\u00a0Az ad\u00f3bevall\u00e1sban csak az 500 eur\u00f3s k\u00fcsz\u00f6b feletti j\u00f6vedelem \u00f6sszeg\u00e9t t\u00fcntetn\u00e9 fel, pl.\u00a0ha pl.\u00a0az ad\u00f3z\u00f3 saj\u00e1t termel\u00e9sb\u0151l sz\u00e1rmaz\u00f3 toj\u00e1st adott el szomsz\u00e9dj\u00e1nak 300 eur\u00f3 \u00e9rt\u00e9kben (mik\u00f6zben \u0151 maga nem lenne bejegyezve egy\u00e9ni v\u00e1llalkoz\u00f3k\u00e9nt), ezt az \u00f6sszeget nem kell felt\u00fcntetnie az ad\u00f3bevall\u00e1sban, nem fizet ad\u00f3t r\u00e1.\u00a0A gyakorlatban az is nagyon gyakori helyzet, amikor term\u00e9szetes szem\u00e9ly &#8211; nem v\u00e1llalkoz\u00f3 b\u00e9rbead egy tulajdon\u00e1ban l\u00e9v\u0151 ingatlant.\u00a0Ha egy term\u00e9szetes szem\u00e9ly 2023-ra el\u00e9rn\u00e9 a b\u00e9rleti d\u00edj bev\u00e9tel\u00e9t, pl.\u00a02000 eur\u00f3 \u00f6sszegben, akkor 1500 eur\u00f3s bev\u00e9telt t\u00fcntetne fel be az ad\u00f3bevall\u00e1s\u00e1ban (a term\u00e9szetes szem\u00e9lynek ehhez az ad\u00f3mentes bev\u00e9telhez a k\u00f6lts\u00e9get is cs\u00f6kkentenie kell, ami azt jelenti, hogy azokat a bev\u00e9telek ar\u00e1ny\u00e1val megegyez\u0151 ar\u00e1nyban kell m\u00f3dos\u00edtania.<\/p>\n<p><strong>Ad\u00f3mentesek a nyerem\u00e9nyenk\u00e9nt 350 eur\u00f3t meg nem halad\u00f3 \u00e9rt\u00e9k\u0171 nyerem\u00e9nyek.\u00a0<\/strong>Csak az e k\u00fcsz\u00f6b feletti \u00f6sszeg ut\u00e1n kell j\u00f6vedelemad\u00f3t fizetni.<\/p>\n<h2>Az ad\u00f3alap 2023. \u00e9vi ad\u00f3k\u00f6teles r\u00e9szei<\/h2>\n<p>Az ad\u00f3alap nem ad\u00f3k\u00f6teles r\u00e9szei ad\u00f3el\u0151nyt jelentenek az ad\u00f3z\u00f3k sz\u00e1m\u00e1ra.\u00a0Olyan \u00f6sszegekr\u0151l van sz\u00f3, amelyekkel az ad\u00f3z\u00f3 a t\u00f6rv\u00e9nyben meghat\u00e1rozott felt\u00e9telek teljes\u00edt\u00e9se ut\u00e1n cs\u00f6kkentheti az ad\u00f3alapot.\u00a0Ezek az ad\u00f3alap nem ad\u00f3k\u00f6teles r\u00e9sz\u00e9nek t\u00edpus\u00e1ra k\u00fcl\u00f6n-k\u00fcl\u00f6n \u00e9rv\u00e9nyesek \u00e9s az al\u00e1bbiakban r\u00e9szletesen ismertetj\u00fck.<\/p>\n<p>El\u00f6lj\u00e1r\u00f3ban fontos kiemelni, hogy az ad\u00f3alap nem ad\u00f3k\u00f6teles r\u00e9szei alkalmaz\u00e1s\u00e1nak lehet\u0151s\u00e9ge els\u0151sorban att\u00f3l f\u00fcgg, hogy egy term\u00e9szetes szem\u00e9ly milyen t\u00edpus\u00fa j\u00f6vedelemmel rendelkezett 2023-ban.\u00a0<strong>Az ad\u00f3alap nem ad\u00f3k\u00f6teles r\u00e9szeit term\u00e9szetes szem\u00e9ly \u00e9rv\u00e9nyes\u00edtheti, \u00a0aki \u00fan\u00a0akt\u00edv j\u00f6vedelemmel rendelkezett<\/strong>.\u00a0Akt\u00edv j\u00f6vedelem alatt \u00e9rtj\u00fck:<\/p>\n<ul>\n<li>munkaviszonyb\u00f3l vagy hasonl\u00f3 viszonyb\u00f3l sz\u00e1rmaz\u00f3 bev\u00e9tel , pl. munkaviszonyb\u00f3l vagy munkaviszonyon k\u00edv\u00fcl k\u00f6t\u00f6tt meg\u00e1llapod\u00e1sb\u00f3l sz\u00e1rmaz\u00f3 j\u00f6vedelem (Szja tv. 5. \u00a7),<\/li>\n<li>v\u00e1llalkoz\u00e1sb\u00f3l sz\u00e1rmaz\u00f3 bev\u00e9tel pl. kereskedelemb\u0151l sz\u00e1rmaz\u00f3 bev\u00e9tel (Szja tv. 6. \u00a7 (1) bekezd\u00e9s),<\/li>\n<li>szerz\u0151i j\u00f6vedelem , pl. m\u0171 l\u00e9trehoz\u00e1s\u00e1b\u00f3l vagy m\u0171v\u00e9szi el\u0151ad\u00e1sb\u00f3l sz\u00e1rmaz\u00f3 bev\u00e9tel (Szja tv. 6. \u00a7 (2) bekezd\u00e9s).<\/li>\n<\/ul>\n<p>Az a term\u00e9szetes szem\u00e9ly, aki 2023-ban csak <strong>passz\u00edv j\u00f6vedelmet \u00e9rt el\u00a0<\/strong>(pl. ingatlan \u00e9rt\u00e9kes\u00edt\u00e9sb\u0151l vagy ingatlan b\u00e9rbead\u00e1s\u00e1b\u00f3l sz\u00e1rmaz\u00f3 j\u00f6vedelem stb.)\u00a0<strong>nem jogosult az ad\u00f3alap nem ad\u00f3k\u00f6teles r\u00e9szeire<\/strong><strong>.<\/strong><\/p>\n<p>A gyakorlatban gyakran tal\u00e1lkozunk olyan helyzettel, amikor egy term\u00e9szetes szem\u00e9ly\u00a0akt\u00edv \u00e9s passz\u00edv j\u00f6vedelem kombin\u00e1ci\u00f3j\u00e1t\u00a0\u00e9ri el.\u00a0Ebben az esetben a term\u00e9szetes szem\u00e9ly csak akt\u00edv j\u00f6vedelemb\u0151l ig\u00e9nyelheti az ad\u00f3alap nem ad\u00f3k\u00f6teles r\u00e9sz\u00e9t.<\/p>\n<p><u>P\u00e9lda az ad\u00f3alap nem ad\u00f3k\u00f6teles r\u00e9szeinek alkalmaz\u00e1s\u00e1ra a j\u00f6vedelem \u00f6sszevon\u00e1sakor<\/u><\/p>\n<p><em>Kiss \u00far 2023-ban hegeszt\u0151k\u00e9nt dolgozott.\u00a0Ugyanebben az \u00e9vben \u00fagy d\u00f6nt\u00f6tt, kiadja sz\u00fclei lak\u00e1s\u00e1t egy bar\u00e1tj\u00e1nak.\u00a0Az ingatlant term\u00e9szetes szem\u00e9lyk\u00e9nt \u2013 nem v\u00e1llalkoz\u00f3k\u00e9nt \u2013 adta b\u00e9rbe.\u00a0Kiss \u00far a teljes j\u00f6vedelme ut\u00e1n ig\u00e9nyelheti az ad\u00f3alap nem ad\u00f3k\u00f6teles r\u00e9sz\u00e9t?<\/em><\/p>\n<p><em>2023-ban Kiss \u00farnak k\u00e9t k\u00fcl\u00f6nb\u00f6z\u0151 t\u00edpus\u00fa bev\u00e9tele volt \u2013 akt\u00edv munkav\u00e1llal\u00f3i bev\u00e9telb\u0151l \u00e9s ingatlanb\u00e9rl\u00e9sb\u0151l sz\u00e1rmaz\u00f3 passz\u00edv j\u00f6vedelemb\u0151l.\u00a0Az ad\u00f3alap nem ad\u00f3k\u00f6teles r\u00e9szei csak az akt\u00edv j\u00f6vedelemb\u0151l sz\u00e1rmaz\u00f3 j\u00f6vedelem r\u00e9szad\u00f3alapja ut\u00e1n ig\u00e9nyelhet\u0151k.\u00a0Ingatlanb\u00e9rbead\u00e1sb\u00f3l sz\u00e1rmaz\u00f3 bev\u00e9tel eset\u00e9n nem \u00e9rv\u00e9nyes\u00edtheti az ad\u00f3alap ad\u00f3k\u00f6teles r\u00e9szeit, viszont az Szja 6. \u00a7 bek.\u00a03 alapj\u00e1n, Kiss \u00far 500 eur\u00f3ig ig\u00e9nyelhet j\u00f6vedelemmentess\u00e9get, \u00e9s csak az 500 eur\u00f3 feletti ingatlanb\u00e9rbead\u00e1sb\u00f3l sz\u00e1rmaz\u00f3 j\u00f6vedelmet fogja besz\u00e1m\u00edtani az ad\u00f3alapba.<\/em><\/p>\n<p><strong>A term\u00e9szetes szem\u00e9ly \u00e1ltal 2023-ra \u00e9rv\u00e9nyes\u00edthet\u0151 ad\u00f3alap nem ad\u00f3k\u00f6teles r\u00e9szei k\u00f6z\u00f6tt szerepel<\/strong>:<\/p>\n<ul>\n<li>az ad\u00f3alany ad\u00f3alapj\u00e1nak ad\u00f3mentes r\u00e9sze,<\/li>\n<li>a feles\u00e9g (f\u00e9rj) ad\u00f3alapj\u00e1nak ad\u00f3mentes r\u00e9sze,<\/li>\n<li>a kieg\u00e9sz\u00edt\u0151 nyugd\u00edj-megtakar\u00edt\u00e1sok (III. pill\u00e9r) befizet\u00e9sei ad\u00f3alapj\u00e1nak ad\u00f3mentes r\u00e9sze.<\/li>\n<\/ul>\n<h2>Az ad\u00f3alany 2023. \u00e9vi ad\u00f3alapj\u00e1nak ad\u00f3mentes r\u00e9sze<\/h2>\n<p>K\u00e9t t\u00e9nyez\u0151t\u0151l f\u00fcgg, hogy az ad\u00f3z\u00f3 milyen \u00f6sszegre jogosult alkalmazni az ad\u00f3alany ad\u00f3alapj\u00e1nak ad\u00f3mentes r\u00e9sz\u00e9t:<\/p>\n<ul>\n<li><strong>a l\u00e9tminimum \u00f6sszege<\/strong>\u00a0&#8211; 2022.7.1-t\u0151l 2023.6.30-ig \u00e9rv\u00e9nyes (234,42 \u20ac \u00f6sszeg),<\/li>\n<li><strong>ad\u00f3alapj\u00e1nak \u00f6sszeg\u00e9t<\/strong>\u00a0, ill\u00a0a r\u00e9szad\u00f3alap \u00f6sszege.<\/li>\n<\/ul>\n<p>A l\u00e9tminimum \u00f6sszege \u00e9s az ad\u00f3alany ad\u00f3alapja hogyan befoly\u00e1solja az ad\u00f3z\u00f3 2023. \u00e9vi ad\u00f3alapj\u00e1nak nem ad\u00f3z\u00f3 r\u00e9sz\u00e9nek \u00f6sszeg\u00e9t a t\u00e1bl\u00e1zat mutatja:<\/p>\n<table>\n<tbody>\n<tr>\n<td width=\"302\"><strong>Az ad\u00f3alap \u00f6sszege (AA)<\/strong><\/td>\n<td width=\"302\"><strong>Az ad\u00f3alap ad\u00f3alanyonk\u00e9nti \u00e9vi ad\u00f3mentes r\u00e9sze<\/strong><\/p>\n<p>&nbsp;<\/td>\n<\/tr>\n<tr>\n<td width=\"302\">AA kisebb vagy egyenl\u0151, mint 92,8 \u2013 az \u00e9rv\u00e9nyes l\u00e9tminimum t\u00f6bbsz\u00f6r\u00f6se, azaz\u00a0kisebb vagy egyenl\u0151, mint 21 754,18 eur\u00f3\u00a0(92,8 x 234,42 eur\u00f3)<\/td>\n<td width=\"302\">21 \u2013 a vonatkoz\u00f3 l\u00e9tminimum t\u00f6bbsz\u00f6r\u00f6se, azaz\u00a04922,82 eur\u00f3 \u00e9ves \u00f6sszeg\u00a0(21 x 234,42 eur\u00f3)<\/td>\n<\/tr>\n<tr>\n<td width=\"302\">92,8-n\u00e1l magasabb AA \u2013 az \u00e9rv\u00e9nyes l\u00e9tminimum t\u00f6bbsz\u00f6r\u00f6se, azaz\u00a0magasabb, mint 21 754,18 eur\u00f3<\/td>\n<td width=\"302\">44,2 \u2013 a vonatkoz\u00f3 minim\u00e1lb\u00e9r m\u00ednusz \u00bc AA \u00f6sszeg\u00e9nek t\u00f6bbsz\u00f6r\u00f6se, azaz\u00a0<strong>\u00e9ves <\/strong>szinten 10 361,36 \u2013 term\u00e9szetes szem\u00e9ly ad\u00f3alapj\u00e1nak \u00bc-e\u00a0*<\/td>\n<\/tr>\n<\/tbody>\n<\/table>\n<h2>A feles\u00e9g (f\u00e9rj) ad\u00f3alapj\u00e1nak ad\u00f3mentes r\u00e9sze 2023-ban<\/h2>\n<p>A feles\u00e9g ad\u00f3alapj\u00e1nak ad\u00f3mentes r\u00e9sz\u00e9t csak akkor ig\u00e9nyelhet a m\u00e1sik f\u00e9l (akt\u00edv j\u00f6vedelemb\u0151l),\u00a0<strong>ha\u00a0egy h\u00e1ztart\u00e1sban \u00e9lnek,\u00a0\u00e9s a feles\u00e9g<\/strong><strong>\u00a0<\/strong>(vagy f\u00e9rj)<strong>\u00a0az al\u00e1bbi felt\u00e9telek valamelyik\u00e9nek is megfelel\u00a0:<\/strong><\/p>\n<ul>\n<li>az ad\u00f3z\u00e1si id\u0151szakban olyan eltartott kiskor\u00fa (3 \u00e9ves korig, tart\u00f3san k\u00e1ros eg\u00e9szs\u00e9gi \u00e1llapot eset\u00e9n 6 \u00e9ves korig) gyermeket gondozott, aki az ad\u00f3z\u00f3val k\u00f6z\u00f6s h\u00e1ztart\u00e1sban \u00e9l, vagy<\/li>\n<li>t\u00e1rgy\u00e9vben \u00e1pol\u00e1si d\u00edjban r\u00e9szes\u00fclt, ill<\/li>\n<li>szerepelt\/volt az \u00e1ll\u00e1sra jelentkez\u0151k nyilv\u00e1ntart\u00e1s\u00e1ban, ill<\/li>\n<li>fogyat\u00e9kos vagy s\u00falyosan fogyat\u00e9kos \u00e1llampolg\u00e1rnak min\u0151s\u00fcl.<\/li>\n<\/ul>\n<p>Az ad\u00f3alany az ad\u00f3alap nem ad\u00f3alanyi r\u00e9sz\u00e9t a feles\u00e9gre (f\u00e9rjre) alkalmazhatja minden olyan napt\u00e1ri h\u00f3napra, amelynek kezdet\u00e9n ezek a felt\u00e9telek teljes\u00fcltek.\u00a0Ha a felt\u00e9telek nem az eg\u00e9sz \u00e9vben teljes\u00fcltek, az ad\u00f3alany minden napt\u00e1ri h\u00f3napra, amelyben e felt\u00e9telek teljes\u00fcltek, az ad\u00f3alap nem ad\u00f3alanyi r\u00e9sz\u00e9nek 1\/12-\u00e9t ig\u00e9nyelheti.<\/p>\n<p>A feles\u00e9g (f\u00e9rj) ad\u00f3alap ad\u00f3mentes r\u00e9sz\u00e9nek m\u00e9rt\u00e9k\u00e9t h\u00e1rom v\u00e1ltoz\u00f3 befoly\u00e1solja:<\/p>\n<ul>\n<li><strong>a l\u00e9tminimum \u00f6sszege<\/strong><strong>\u00a0&#8211; <\/strong>2022.7.1-t\u0151l 2023.6.30-ig \u00e9rv\u00e9nyes (234,42 \u20ac \u00f6sszeg),<\/li>\n<li><strong>az ad\u00f3z\u00f3 ad\u00f3alapj\u00e1nak \u00f6sszege<\/strong>\u00a0, ill\u00a0a r\u00e9szad\u00f3alap \u00f6sszegei,<\/li>\n<li>a feles\u00e9g (f\u00e9rj)\u00a0<strong>saj\u00e1t j\u00f6vedelm\u00e9nek \u00f6sszege .<\/strong><\/li>\n<\/ul>\n<p>A feles\u00e9g\u00a0(f\u00e9rj) saj\u00e1t j\u00f6vedelm\u00e9nek \u00f6sszege a feles\u00e9g (f\u00e9rj) b\u00e1rmely j\u00f6vedelm\u00e9t jelenti, bele\u00e9rtve a j\u00f6vedelemad\u00f3-mentes j\u00f6vedelmet is, amelyet cs\u00f6kkentenek a feles\u00e9g (f\u00e9rj) \u00e1ltal 2023-ban k\u00f6telez\u0151en fizetett biztos\u00edt\u00e1si d\u00edjak \u00e9s j\u00e1rul\u00e9kok.<\/p>\n<p>A t\u00e1bl\u00e1zat azt mutatja, hogy a felt\u00fcntetett mennyis\u00e9gek hogyan befoly\u00e1solj\u00e1k a feles\u00e9g (f\u00e9rj) ut\u00e1n az ad\u00f3alany \u00e1ltal 2023-ban \u00e9rv\u00e9nyes\u00edthet\u0151 ad\u00f3alap nem ad\u00f3k\u00f6teles r\u00e9sz\u00e9t:<\/p>\n<table>\n<tbody>\n<tr>\n<td width=\"201\"><strong>Az ad\u00f3alap \u00f6sszege (AA)<\/strong><\/td>\n<td width=\"201\"><strong>A feles\u00e9g (f\u00e9rj) j\u00f6vedelme<\/strong><\/td>\n<td width=\"201\"><strong>A feles\u00e9g (f\u00e9rj) ad\u00f3alapj\u00e1nak \u00e9ves nem ad\u00f3k\u00f6teles r\u00e9sze<\/strong><\/p>\n<p>&nbsp;<\/td>\n<\/tr>\n<tr>\n<td rowspan=\"3\" width=\"201\">AA kisebb vagy egyenl\u0151, mint 176,8 \u2013 az \u00e9rv\u00e9nyes l\u00e9tminimum t\u00f6bbsz\u00f6r\u00f6se\u00a0, azaz kisebb vagy egyenl\u0151, mint 41 445,46 eur\u00f3\u00a0(176,8 x 234,42 eur\u00f3)<\/td>\n<td width=\"201\">egyenl\u0151 0 eur\u00f3val<\/td>\n<td width=\"201\">19,2 \u2013 az alkalmazand\u00f3 l\u00e9tminimum \u00f6sszeg\u00e9nek t\u00f6bbsz\u00f6r\u00f6se, azaz\u00a0a 4500,86 eur\u00f3s \u00e9ves \u00f6sszeg\u00a0(19,2 x 234,42 eur\u00f3)<\/td>\n<\/tr>\n<tr>\n<td width=\"201\">19,2-n\u00e9l alacsonyabb \u2013 az alkalmazand\u00f3 l\u00e9tminimum t\u00f6bbsz\u00f6r\u00f6se, azaz\u00a0alacsonyabb, mint a 4500,86 eur\u00f3s \u00f6sszeg\u00a0(19,2 x 234,42 eur\u00f3nak sz\u00e1m\u00edtva)<\/td>\n<td width=\"201\">a 19,2-es \u00f6sszeg k\u00fcl\u00f6nbs\u00e9ge \u2013 az \u00e9rv\u00e9nyes l\u00e9tminimum \u00f6sszeg\u00e9nek \u00e9s a feles\u00e9g j\u00f6vedelm\u00e9nek \u00f6sszeg\u00e9nek t\u00f6bbsz\u00f6r\u00f6se, azaz\u00a0az \u00e9ves 4500,86 eur\u00f3s \u00f6sszeg \u2013 a feles\u00e9g j\u00f6vedelme<\/td>\n<\/tr>\n<tr>\n<td width=\"201\">nagyobb vagy egyenl\u0151, mint 4500,86 \u20ac<\/td>\n<td width=\"201\">0 \u20ac<\/td>\n<\/tr>\n<tr>\n<td rowspan=\"2\" width=\"201\">176,8-n\u00e1l magasabb AA \u2013 az \u00e9rv\u00e9nyes l\u00e9tminimum t\u00f6bbsz\u00f6r\u00f6se,\u00a0azaz magasabb, mint a 41 445,46 eur\u00f3\u00a0(176,8 x 234,42 eur\u00f3)<\/td>\n<td width=\"201\">0 \u20ac<\/td>\n<td width=\"201\">63,4-es k\u00fcl\u00f6nbs\u00e9g \u2013 a vonatkoz\u00f3 l\u00e9tminimum \u00f6sszeg\u00e9nek \u00e9s az ad\u00f3alap \u00bc-\u00e9nek t\u00f6bbsz\u00f6r\u00f6se, azaz\u00a0\u00e9vi 14 862,23 \u20ac &#8211; \u00bc ZD vagy 0 \u20ac*<\/td>\n<\/tr>\n<tr>\n<td width=\"201\">t\u00f6bb mint 0 \u20ac<\/td>\n<td width=\"201\">14 862,23 \u20ac \u2013 (\u00bc ZD \u2013 a feles\u00e9g saj\u00e1t bev\u00e9tele), vagy 0 \u20ac*<\/td>\n<\/tr>\n<\/tbody>\n<\/table>\n<h2>A kieg\u00e9sz\u00edt\u0151 nyugd\u00edj-megtakar\u00edt\u00e1si hozz\u00e1j\u00e1rul\u00e1sok (III. pill\u00e9r) ad\u00f3alapj\u00e1nak ad\u00f3mentes r\u00e9sze 2023-ban<\/h2>\n<p>A j\u00f6vedelemad\u00f3r\u00f3l sz\u00f3l\u00f3 t\u00f6rv\u00e9ny szerint az a term\u00e9szetes szem\u00e9ly \u00e9rv\u00e9nyes\u00edtheti a kieg\u00e9sz\u00edt\u0151 nyugd\u00edj-megtakar\u00edt\u00e1si j\u00e1rul\u00e9kok ad\u00f3alapj\u00e1nak ad\u00f3k\u00f6teles r\u00e9sz\u00e9t, ha\u00a0<strong>egyidej\u0171leg teljes\u00edti az al\u00e1bbi k\u00e9t felt\u00e9telt<\/strong><strong>\u00a0:<\/strong><\/p>\n<ul>\n<li>a harmadik pill\u00e9rbe befizetett j\u00e1rul\u00e9kot az ad\u00f3z\u00f3 a 2013. december 31-\u00e9t k\u00f6vet\u0151en k\u00f6t\u00f6tt r\u00e9szv\u00e9teli szerz\u0151d\u00e9s, vagy a juttat\u00e1si program t\u00f6rl\u00e9s\u00e9t is mag\u00e1ban foglal\u00f3 r\u00e9szv\u00e9teli szerz\u0151d\u00e9s m\u00f3dos\u00edt\u00e1sa alapj\u00e1n, vagy a 2013. \u00e9vi CX. p\u00e1neur\u00f3pai mag\u00e1nnyugd\u00edj term\u00e9kszerz\u0151d\u00e9st k\u00fcl\u00f6n el\u0151\u00edr\u00e1s szerint \u00e9s<\/li>\n<li>az ad\u00f3z\u00f3 nem k\u00f6t\u00f6tt k\u00fcl\u00f6n szab\u00e1lyoz\u00e1s szerinti m\u00e1s r\u00e9szv\u00e9teli meg\u00e1llapod\u00e1st, amely nem felel meg az els\u0151 pontban eml\u00edtett felt\u00e9teleknek.<\/li>\n<\/ul>\n<p>A term\u00e9szetes szem\u00e9ly az ad\u00f3bevall\u00e1s\u00e1ban levonhatja a pill\u00e9rt abban az \u00f6sszegben, amelyben ezeket a j\u00e1rul\u00e9kokat bizony\u00edthat\u00f3an megfizette,\u00a0<strong>de legfeljebb 180 eur\u00f3ig a 2023-as \u00e9vre<\/strong><strong>\u00a0.<\/strong><\/p>\n<h2>Ad\u00f3b\u00f3nusz egy gyermek ut\u00e1n 2023-ban<\/h2>\n<p>A j\u00f6vedelemad\u00f3r\u00f3l sz\u00f3l\u00f3 t\u00f6rv\u00e9ny szerint az akt\u00edv j\u00f6vedelmet keres\u0151 ad\u00f3z\u00f3 minden, vele k\u00f6z\u00f6s h\u00e1ztart\u00e1sban \u00e9l\u0151 t\u00e1mogatott gyermek ut\u00e1n jogosult ad\u00f3kedvezm\u00e9nyt alkalmazni (akkor is, ha a gyermeknek az ad\u00f3z\u00f3 h\u00e1ztart\u00e1s\u00e1n k\u00edv\u00fcl volt kijel\u00f6lt \u00e1tmeneti tart\u00f3zkod\u00e1si helye, ez a t\u00e9ny nem alapja az ad\u00f3b\u00f3nusz-hat\u00e1s alkalmaz\u00e1s\u00e1nak).<\/p>\n<p>Eltartott gyermeknek min\u0151s\u00fcl a\u00a0saj\u00e1t gyermek, az \u00f6r\u00f6kbefogadott, vagy az illet\u00e9kes hat\u00f3s\u00e1g hat\u00e1rozata alapj\u00e1n gondoz\u00e1sba vett gyermek, valamint a m\u00e1sik h\u00e1zast\u00e1rsnak a 600\/2003 \u00a0t\u00f6rv\u00e9ny 2. \u00a7-a alapj\u00e1n eltartottnak min\u0151s\u00fcl\u0151 gyermeke.<\/p>\n<p>Az ad\u00f3z\u00f3 m\u00e1r abban a h\u00f3napban jogosult az ad\u00f3kedvezm\u00e9nyre, amelyben a gyermek megsz\u00fcletett, vagy amelyben megkezd\u0151dik a gyermek folyamatos felk\u00e9sz\u00edt\u00e9se egy leend\u0151 szakm\u00e1ra, vagy amelyben a gyermeket \u00f6r\u00f6kbe fogadt\u00e1k vagy a sz\u00fcl\u0151k gondoz\u00e1s\u00e1ba vett\u00e9k. az illet\u00e9kes hat\u00f3s\u00e1g hat\u00e1rozata alapj\u00e1n.<\/p>\n<p>A gyermek ut\u00e1n j\u00e1r\u00f3 ad\u00f3kedvezm\u00e9nyt term\u00e9szetes szem\u00e9ly munkav\u00e1llal\u00f3\u00a0ig\u00e9nyelheti\u00a0havi vagy \u00e9ves rendszeress\u00e9ggel.\u00a0Az a term\u00e9szetes szem\u00e9ly, aki v\u00e1llalkoz\u00f3\u00a0(pl. egy\u00e9ni v\u00e1llalkoz\u00f3), a\u00a0j\u00f6vedelemad\u00f3-bevall\u00e1s\u00e1ban\u00a0csak \u00e9ves szinten ig\u00e9nyelheti az ad\u00f3kedvezm\u00e9nyt .<\/p>\n<p>2023-ban minden t\u00e1mogatott gyermek ut\u00e1n ad\u00f3kedvezm\u00e9nyt ig\u00e9nyelhet az ad\u00f3z\u00f3\u00a0:<\/p>\n<ul>\n<li>140 \u20ac havonta\u00a0\u2013 ha a t\u00e1mogatott gyermek\u00a0m\u00e9g nem t\u00f6lt\u00f6tte be 18. \u00e9let\u00e9v\u00e9t\u00a0:<\/li>\n<\/ul>\n<ul>\n<li style=\"list-style-type: none;\">\n<ul>\n<li>a 2023. 01-04<strong>.<\/strong>\u00a0id\u0151szakra\u00a0csak abban az esetben, ha az eltartott gyermek ut\u00e1n az ad\u00f3z\u00f3 gyermek\u00e9tkeztet\u00e9si t\u00e1mogat\u00e1sban nem r\u00e9szes\u00fclt,<\/li>\n<li>id\u0151szakra\u00a0a\u00a0ny\u00fajtott t\u00e1mogat\u00e1st\u00f3l f\u00fcggetlen\u00fcl (az ad\u00f3z\u00f3 egyszerre ig\u00e9nyelhet ad\u00f3kedvezm\u00e9nyt \u00e9s \u00e9tkez\u00e9si t\u00e1mogat\u00e1st),<\/li>\n<\/ul>\n<\/li>\n<\/ul>\n<ul>\n<li>50 \u20ac havonta\u00a0\u2013 ha a t\u00e1mogatott gyermek\u00a0bet\u00f6lt\u00f6tte a 18. \u00e9let\u00e9v\u00e9t\u00a0.<\/li>\n<\/ul>\n<p>Az ad\u00f3kedvezm\u00e9nyre val\u00f3 jogosults\u00e1g kisz\u00e1m\u00edt\u00e1s\u00e1n\u00e1l figyelni kell arra, hogy az\u00a0egy gyermekre jut\u00f3 ad\u00f3kedvezm\u00e9ny maxim\u00e1lis \u00f6sszeg\u00e9t (\u00e9ves \u00e9s havi szinten egyar\u00e1nt) az ad\u00f3alap sz\u00e1zal\u00e9ka korl\u00e1tozza\u00a0, ill.\u00a0a r\u00e9szleges j\u00f6vedelemad\u00f3 alapja az al\u00e1bbiak szerint:<\/p>\n<table>\n<tbody>\n<tr>\n<td width=\"302\"><strong>T\u00e1mogatott gyermekek sz\u00e1ma<\/strong><\/td>\n<td width=\"302\"><strong>Az ad\u00f3alap sz\u00e1zal\u00e9kos korl\u00e1tja (r\u00e9szad\u00f3alap)<\/strong><\/p>\n<p>&nbsp;<\/td>\n<\/tr>\n<tr>\n<td width=\"302\">1<\/td>\n<td width=\"302\">20 %<\/td>\n<\/tr>\n<tr>\n<td width=\"302\">2<\/td>\n<td width=\"302\">27 %<\/td>\n<\/tr>\n<tr>\n<td width=\"302\">3<\/td>\n<td width=\"302\">34 %<\/td>\n<\/tr>\n<tr>\n<td width=\"302\">4<\/td>\n<td width=\"302\">41 %<\/td>\n<\/tr>\n<tr>\n<td width=\"302\">5<\/td>\n<td width=\"302\">48 %<\/td>\n<\/tr>\n<tr>\n<td width=\"302\">6 \u00e9s t\u00f6bb<\/td>\n<td width=\"302\">51 %<\/td>\n<\/tr>\n<\/tbody>\n<\/table>\n<p><strong>P\u00e9lda az ad\u00f3b\u00f3nusz kisz\u00e1m\u00edt\u00e1s\u00e1ra 2023-ban<\/strong><\/p>\n<p><em>Ivan\u00e1nak van egy l\u00e1nya, aki ut\u00e1n (\u00e9vente) ad\u00f3kedvezm\u00e9nyt alkalmaz.\u00a02023 m\u00e1jus\u00e1ban Ivana asszony l\u00e1nya bet\u00f6lt\u00f6tte a 18. \u00e9let\u00e9v\u00e9t.\u00a0Milyen \u00f6sszeg\u0171 ad\u00f3b\u00f3nuszra lesz jogosult Ivana 2023-ban, ha r\u00e9szleges ad\u00f3alapja 19 500 eur\u00f3 volt?<\/em><\/p>\n<p><em>A 18. \u00e9let\u00e9v\u00e9nek bet\u00f6lt\u00e9s\u00e9ig tart\u00f3 h\u00f3napokban Ivana megemelt \u00f6sszeg\u0171 ad\u00f3kedvezm\u00e9nyre jogosult, ezt k\u00f6vet\u0151en pedig a 18. \u00e9let\u00e9v\u00e9nek bet\u00f6lt\u00e9se h\u00f3napj\u00e1t\u00f3l m\u00e1r csak havi 50 eur\u00f3ra lesz jogosult.\u00a0Az ad\u00f3b\u00f3nusz \u00f6sszeg\u00e9nek kisz\u00e1m\u00edt\u00e1sa a k\u00f6vetkez\u0151:<\/em><\/p>\n<p><em>Ad\u00f3b\u00f3nusz 2023. 01. \u00e9s 04. k\u00f6z\u00f6tt: 140 \u20ac x 4 h\u00f3nap = 560 \u20ac<\/em><\/p>\n<p><em>Ad\u00f3b\u00f3nusz 2023. 05. \u2013 12.12. h\u00f3napokra: 50 \u20ac x 8 h\u00f3nap = 400 \u20ac<\/em><\/p>\n<p><em>teljes ad\u00f3b\u00f3nusz 2023-ra = 960 \u20ac<\/em><\/p>\n<p><em>az ad\u00f3alap sz\u00e1zal\u00e9k\u00e1ban meghat\u00e1rozott maxim\u00e1lis ad\u00f3b\u00f3nusz \u00f6sszege: 19 500 \u20ac x 20% = 3 900 \u20ac<\/em><\/p>\n<p><em>Mivel Ivana asszony eset\u00e9ben az egy t\u00e1mogatott gyermek ut\u00e1n j\u00e1r\u00f3 ad\u00f3kedvezm\u00e9ny ig\u00e9nybev\u00e9tel\u00e9nek fels\u0151 hat\u00e1ra 3900 eur\u00f3, 2023-ban a sz\u00e1m\u00edtott ad\u00f3b\u00f3nusz teljes \u00f6sszeg\u00e9t 960 eur\u00f3 \u00e9rt\u00e9kben alkalmazhatja.<\/em><\/p>\n<h2>Ad\u00f3b\u00f3nusz a 2023-ra fizetett jelz\u00e1log kamata ut\u00e1n<\/h2>\n<p>Az Szja-t\u00f6rv\u00e9ny (33a \u00a7) szerint a term\u00e9szetes szem\u00e9ly a t\u00e1rgyid\u0151szakban fizetett kamata ut\u00e1n a ny\u00fajtott lak\u00e1sc\u00e9l\u00fa hitel \u00f6sszeg\u00e9b\u0151l sz\u00e1m\u00edtott ad\u00f3kedvezm\u00e9nyre jogosult, belf\u00f6ldi ingatlanonk\u00e9nt legfeljebb 50 000 eur\u00f3 erej\u00e9ig. lak\u00e1shoz (p\u00e9ld\u00e1ul lak\u00e1shoz vagy h\u00e1zhoz), ha ez a term\u00e9szetes szem\u00e9ly megfelel az al\u00e1bbi felt\u00e9teleknek:<\/p>\n<ul>\n<li>a lak\u00e1shitel-ig\u00e9nyl\u00e9s beny\u00fajt\u00e1s\u00e1nak napj\u00e1n bet\u00f6lt\u00f6tte a 18. \u00e9let\u00e9v\u00e9t \u00e9s legfeljebb a 35. \u00e9let\u00e9v\u00e9t,<\/li>\n<li>a k\u00f6lcs\u00f6nszerz\u0151d\u00e9s 2017.12.31. ut\u00e1n j\u00f6tt l\u00e9tre,<\/li>\n<li>a term\u00e9szetes szem\u00e9ly havi \u00e1tlagj\u00f6vedelme a 2022-es napt\u00e1ri \u00e9vben ezen fel\u00fcl a 2022-t\u0151l kezd\u0151d\u0151 havi \u00e1tlagb\u00e9r 1,3-szorosa (ami 1304 eur\u00f3 volt), azaz maximum 1695,20 eur\u00f3, ha a hitelszerz\u0151d\u00e9s 2023-ban k\u00f6ttet\u0151d\u00f6tt. .<\/li>\n<\/ul>\n<p>A kifizetett kamat ut\u00e1ni ad\u00f3b\u00f3nusz ig\u00e9nybev\u00e9tel\u00e9nek jog\u00e1t az ad\u00f3z\u00f3 a hitelez\u0151 \u00e1ltal ki\u00e1ll\u00edtott igazol\u00e1ssal igazolja, pl.\u00a0banki igazol\u00e1ssal.<\/p>\n<p>Ha egy term\u00e9szetes szem\u00e9lyn\u00e9l 2023-ban kezdett sz\u00e1m\u00edt\u00f3odni a lak\u00e1shitel kamata, akkor\u00a0az ad\u00f3kedvezm\u00e9ny ar\u00e1nyos r\u00e9sz\u00e9re\u00a0jogosult , amely a k\u00f6lcs\u00f6n kamat\u00e1nak kezdet\u00e9t\u0151l sz\u00e1m\u00edtott napt\u00e1ri h\u00f3napok sz\u00e1m\u00e1ra esik.<\/p>\n<p>Abban az esetben, ha a mag\u00e1nszem\u00e9lynek 2018. janu\u00e1r 1-je el\u0151tt jelz\u00e1loghitelt ny\u00fajtottak, \u00e9s ez a k\u00f6lcs\u00f6n k\u00fcl\u00f6n szab\u00e1lyoz\u00e1s szerint \u00e1llami kedvezm\u00e9ny, illetve fiatalok ut\u00e1n j\u00e1r\u00f3 \u00e1llami kedvezm\u00e9ny illeti meg, a mag\u00e1nszem\u00e9lyt ad\u00f3kedvezm\u00e9ny illeti meg a els\u0151 alkalommal fizetett kamat abban a napt\u00e1ri h\u00f3napban, amely azt a napt\u00e1ri h\u00f3napot k\u00f6veti, amelyben az ad\u00f3z\u00f3 utolj\u00e1ra \u00e1llami kedvezm\u00e9nyre vagy \u00e1llami t\u00e1mogat\u00e1sra volt jogosult.<\/p>\n<p><strong><u>P\u00e9lda a fizetett kamatok ut\u00e1ni ad\u00f3b\u00f3nusz alkalmaz\u00e1s\u00e1ra<\/u><\/strong><\/p>\n<p><em>2023 \u00e1prilis\u00e1ban Szerda P\u00e9ter jelz\u00e1loghitelt vett fel lak\u00e1sv\u00e1s\u00e1rl\u00e1sra.\u00a0Mivel a jelz\u00e1loghitel ut\u00e1n fizetett kamat ut\u00e1ni ad\u00f3kedvezm\u00e9ny alkalmaz\u00e1s\u00e1nak minden felt\u00e9tel\u00e9t teljes\u00edtette, ezt az ad\u00f3kedvezm\u00e9nyt szeretn\u00e9 megjelen\u00edteni a 2023. \u00e9vi j\u00f6vedelemad\u00f3-bevall\u00e1s\u00e1ban. Az ad\u00f3b\u00f3nusz milyen ar\u00e1nyos r\u00e9sz\u00e9re lesz jogosult P\u00e9ter?<\/em><\/p>\n<p><em>Az ad\u00f3b\u00f3nusz ar\u00e1nyos r\u00e9sz\u00e9t att\u00f3l a h\u00f3napt\u00f3l sz\u00e1m\u00edtj\u00e1k, amelyben a k\u00f6lcs\u00f6n kamatai kezd\u0151dtek.\u00a0A bank 2023 \u00e1prilis\u00e1ban hitelt ny\u00fajtott P\u00e9terne, azaz 9 h\u00f3napig (2023 \u00e1prilis\u00e1t\u00f3l decemberig) ad\u00f3b\u00f3nuszra lesz jogosult.<\/em><\/p>\n<h2>A szem\u00e9lyi j\u00f6vedelemad\u00f3 m\u00e9rt\u00e9ke 2023<\/h2>\n<p>A mag\u00e1nszem\u00e9ly \u00e1ltal az ad\u00f3bevall\u00e1s\u00e1ban felhaszn\u00e1lt j\u00f6vedelemad\u00f3 m\u00e9rt\u00e9ke a mag\u00e1nszem\u00e9ly 2023. \u00e9vi ad\u00f3alapj\u00e1nak \u00f6sszeg\u00e9t\u0151l f\u00fcgg, ill.\u00a0a 2023-ban el\u00e9rt ad\u00f3k\u00f6teles j\u00f6vedelem \u00f6sszeg\u00e9t\u0151l f\u00fcgg.<\/p>\n<p>A 2023-as \u00e9vre a t\u00e1bl\u00e1zatban felsorolt \u200b\u200bad\u00f3kulcsok vonatkoznak az ad\u00f3z\u00f3kra &#8211; term\u00e9szetes szem\u00e9lyekre:<\/p>\n<table>\n<tbody>\n<tr>\n<td width=\"201\"><strong>Meghat\u00e1rozott j\u00f6vedelemad\u00f3-alap<\/strong><\/p>\n<p>&nbsp;<\/td>\n<td width=\"201\"><strong>J\u00f6vedelemad\u00f3 m\u00e9rt\u00e9ke<\/strong><\/td>\n<td width=\"201\"><strong>Az ad\u00f3kulcs alkalmaz\u00e1sa<\/strong><\/td>\n<\/tr>\n<tr>\n<td rowspan=\"2\" width=\"201\">r\u00e9szad\u00f3alapok \u00f6sszege:<\/p>\n<ul>\n<li style=\"text-align: left;\">munkabviszonyb\u00f3l \u00a0sz\u00e1rmaz\u00f3 j\u00f6vedelem, cs\u00f6kkentve az ad\u00f3alap nem ad\u00f3k\u00f6teles r\u00e9szeivel,<\/li>\n<li style=\"text-align: left;\">ingatlanb\u00e9rbead\u00e1sb\u00f3l,<\/li>\n<li style=\"text-align: left;\">a m\u0171 \u00e9s a m\u0171v\u00e9szi el\u0151ad\u00e1s felhaszn\u00e1l\u00e1s\u00e1b\u00f3l sz\u00e1rmaz\u00f3 bev\u00e9telb\u0151l \u00e9s egy\u00e9b bev\u00e9telb\u0151l<\/li>\n<\/ul>\n<\/td>\n<td width=\"201\">19%<\/td>\n<td width=\"201\">az ad\u00f3alap azon r\u00e9sz\u00e9b\u0151l, amely\u00a0nem haladja meg\u00a0a vonatkoz\u00f3 l\u00e9tminimum \u00f6sszeg\u00e9nek 176,8-szoros\u00e1t (bele\u00e9rtve), azaz\u00a0a 41 445,46 eur\u00f3t<\/td>\n<\/tr>\n<tr>\n<td width=\"201\">25%<\/td>\n<td width=\"201\">az ad\u00f3alap azon r\u00e9sz\u00e9b\u0151l, amely\u00a0meghaladja\u00a0a vonatkoz\u00f3 l\u00e9tminimum \u00f6sszeg\u00e9nek 176,8-szoros\u00e1t, azaz a\u00a041 445,46 eur\u00f3t<\/td>\n<\/tr>\n<tr>\n<td rowspan=\"3\" width=\"201\">\n<ul>\n<li style=\"text-align: left;\">ipar\u0171z\u00e9si \u00e9s egy\u00e9b egy\u00e9ni v\u00e1llalkoz\u00f3i tev\u00e9kenys\u00e9gb\u0151l sz\u00e1rmaz\u00f3 ad\u00f3k\u00f6teles bev\u00e9telb\u0151l sz\u00e1m\u00edtott r\u00e9szad\u00f3alap, cs\u00f6kkentve az ad\u00f3vesztes\u00e9ggel<\/li>\n<\/ul>\n<\/td>\n<td width=\"201\">15%<\/td>\n<td width=\"201\">ezt a kulcsot azokra a term\u00e9szetes szem\u00e9lyekre kell alkalmazni, akiknek\u00a0ad\u00f3k\u00f6teles j\u00f6vedelme 2023-ban nem haladja meg a 49 790 eur\u00f3t<\/td>\n<\/tr>\n<tr>\n<td width=\"201\">19%<\/td>\n<td width=\"201\">49 790 eur\u00f3 feletti j\u00f6vedelem eset\u00e9n\u00a0e\u00a0term\u00e9szetes szem\u00e9ly ad\u00f3alapj\u00e1b\u00f3l,\u00a0amely\u00a0nem haladja meg a 41 445,46 eur\u00f3t<\/td>\n<\/tr>\n<tr>\n<td width=\"201\">25%<\/td>\n<td width=\"201\">49 790 eur\u00f3 feletti j\u00f6vedelem eset\u00e9n\u00a0e\u00a0term\u00e9szetes szem\u00e9ly ad\u00f3alapj\u00e1b\u00f3l, amely\u00a0meghaladja\u00a0a 41 445,46 eur\u00f3t<\/td>\n<\/tr>\n<tr>\n<td width=\"201\">\n<ul>\n<li style=\"text-align: left;\">t\u00e1rgyi eszk\u00f6z\u00f6k k\u00fcl\u00f6nad\u00f3 alapja<\/li>\n<\/ul>\n<\/td>\n<td width=\"201\">19%<\/td>\n<td width=\"201\">f\u00fcggetlen\u00fcl att\u00f3l, hogy szlov\u00e1kiai vagy k\u00fclf\u00f6ldi forr\u00e1sokb\u00f3l folyik<\/td>\n<\/tr>\n<\/tbody>\n<\/table>\n<h2>Egy\u00f6sszeg\u0171 kiad\u00e1sok 2023-ban<\/h2>\n<p>A term\u00e9szetes szem\u00e9lynek &#8211; v\u00e1llalkoz\u00f3nak a kiad\u00e1sok ad\u00f3bevall\u00e1si bejelent\u00e9sekor \u00e1ltal\u00e1ban k\u00e9t k\u00f6lts\u00e9gig\u00e9nyl\u00e9si m\u00f3dja k\u00f6z\u00fcl v\u00e1laszthat:<\/p>\n<ul>\n<li>val\u00f3ban igazolhat\u00f3 r\u00e1ford\u00edt\u00e1s alkalmaz\u00e1sa\u00a0\u2013 a v\u00e1llalkoz\u00f3 sz\u00e1mviteli vagy ad\u00f3nyilv\u00e1ntart\u00e1s vezet\u00e9s\u00e9vel igazolja az el\u00e9rt r\u00e1ford\u00edt\u00e1st,<\/li>\n<li>r\u00e1ford\u00edt\u00e1sok bev\u00e9tel sz\u00e1zal\u00e9kos alkalmaz\u00e1sa, azaz k\u00f6lts\u00e9g\u00e1tal\u00e1ny alkalmaz\u00e1sa\u00a0.<\/li>\n<\/ul>\n<p>Az \u00e1tal\u00e1nyk\u00f6lts\u00e9g alkalmaz\u00e1s\u00e1nak m\u00e9rt\u00e9k\u00e9t a v\u00e1llalkoz\u00f3 sz\u00e1m\u00e1ra a j\u00f6vedelemad\u00f3r\u00f3l sz\u00f3l\u00f3 t\u00f6rv\u00e9ny hat\u00e1rozza meg az el\u00e9rt j\u00f6vedelem t\u00edpusa szerint:<\/p>\n<ul>\n<li>a v\u00e1llalkoz\u00e1sb\u00f3l \u00e9s egy\u00e9b \u00f6n\u00e1ll\u00f3 v\u00e1llalkoz\u00f3i tev\u00e9kenys\u00e9gb\u0151l sz\u00e1rmaz\u00f3 \u00f6sszes bev\u00e9tel\u00a060%-a\u00a0, legfeljebb 20 000 \u20ac,<\/li>\n<li>a m\u0171 felhaszn\u00e1l\u00e1s\u00e1b\u00f3l \u00e9s a m\u0171v\u00e9szi el\u0151ad\u00e1sb\u00f3l sz\u00e1rmaz\u00f3 bev\u00e9tel\u00a060%-a\u00a0, legfeljebb 20 000 \u20ac.<\/li>\n<\/ul>\n<p>Az eseti mez\u0151gazdas\u00e1gi termel\u00e9sb\u0151l, erd\u0151gazd\u00e1lkod\u00e1sb\u00f3l \u00e9s v\u00edzgazd\u00e1lkod\u00e1sb\u00f3l sz\u00e1rmaz\u00f3 bev\u00e9telt (azaz Szja tv. 8. \u00a7 (1) bekezd\u00e9s a) pontja szerinti bev\u00e9telt) keres\u0151 ad\u00f3z\u00f3 eset\u00e9ben az \u00e1tal\u00e1nyk\u00f6lts\u00e9g\u00a0<strong>az \u00f6sszes bev\u00e9tel 25%-a, felfel\u00e9. legfeljebb \u00e9vi 5 040 \u20ac<\/strong>\u00a0.<\/p>\n<p>A kalkul\u00e1lt k\u00f6lts\u00e9g\u00e1tal\u00e1ny \u00f6sszege tartalmazza a v\u00e1llalkoz\u00f3 \u00f6sszes kiad\u00e1s\u00e1t, kiv\u00e9ve a befizetett eg\u00e9szs\u00e9g- \u00e9s t\u00e1rsadalombiztos\u00edt\u00e1si j\u00e1rul\u00e9kokat.\u00a0A v\u00e1llalkoz\u00f3 azokat a t\u00e9nyleges \u00f6sszegben alkalmazza.<\/p>\n<p><u>Szem\u00e9lyi j\u00f6vedelemad\u00f3-el\u0151legek 2023-ban<\/u><\/p>\n<p>A mag\u00e1nszem\u00e9lyek 2023-ban negyed\u00e9vente vagy havonta fizetnek\u00a0<a href=\"https:\/\/www.podnikajte.sk\/dan-z-prijmov\/preddavky-dan-z-prijmov-fyzickych-osob-2023\">szem\u00e9lyi j\u00f6vedelemad\u00f3-el\u0151leget<\/a>.\u00a0A fizet\u00e9si felt\u00e9teleket a t\u00e1bl\u00e1zat tartalmazza:<\/p>\n<table>\n<tbody>\n<tr>\n<td width=\"201\"><strong>Periodicit\u00e1s<\/strong><\/td>\n<td width=\"201\"><strong>Mikor \u00e9rv\u00e9nyes?<\/strong><\/td>\n<td width=\"201\"><strong>Milyen magass\u00e1gban?<\/strong><\/td>\n<\/tr>\n<tr>\n<td width=\"201\"><strong>Negyed\u00e9venk\u00e9nt<\/strong><\/td>\n<td width=\"201\">ha az utols\u00f3 ismert ad\u00f3k\u00f6telezetts\u00e9g meghaladja az 5000 eur\u00f3t, ugyanakkor alacsonyabb vagy egyenl\u0151 16 600 eur\u00f3val<\/td>\n<td width=\"201\">az utols\u00f3 ismert ad\u00f3k\u00f6telezetts\u00e9g \u00bc-ek\u00e9nt meghat\u00e1rozott \u00f6sszegben<\/td>\n<\/tr>\n<tr>\n<td width=\"201\"><strong>Havonta<\/strong><\/td>\n<td width=\"201\">ha az utols\u00f3 ismert ad\u00f3fizet\u00e9si k\u00f6telezetts\u00e9g meghaladja a 16 600 eur\u00f3t<\/td>\n<td width=\"201\">az utols\u00f3 ismert ad\u00f3k\u00f6telezetts\u00e9g 1\/12-ek\u00e9nt meg\u00e1llap\u00edtott \u00f6sszegben<\/td>\n<\/tr>\n<\/tbody>\n<\/table>\n<h2>Fizetend\u0151 ad\u00f3, minim\u00e1lis ad\u00f3\u00f6sszeg, ad\u00f3t\u00falfizet\u00e9s 2023-ban<\/h2>\n<p>Nem kell szem\u00e9lyi j\u00f6vedelemad\u00f3t fizetni, ha az ad\u00f3z\u00e1si id\u0151szakra vonatkoz\u00f3 \u00f6sszeg nem haladja meg a\u00a017 eur\u00f3t\u00a0, vagy ha a 2023. \u00e9vi ad\u00f3k\u00f6teles bev\u00e9tele nem haladja meg a\u00a02461,41 eur\u00f3t\u00a0.\u00a0Ez al\u00f3l a szab\u00e1ly al\u00f3l kiv\u00e9telt az Szja tv. 46a. \u00a7.\u00a0Az ad\u00f3hivatal akkor fizeti vissza az ad\u00f3t\u00falfizet\u00e9st\u00a0term\u00e9szetes szem\u00e9lynek , ha az\u00a0meghaladja az 5 eur\u00f3t.<\/p>\n<p>A 2023. \u00e9vi j\u00f6vedelemad\u00f3-bevall\u00e1s beny\u00fajt\u00e1s\u00e1nak hat\u00e1rideje \u00e9s az ad\u00f3 esed\u00e9kess\u00e9ge<\/p>\n<p>A 2023. \u00e9vi ad\u00f3bevall\u00e1st legk\u00e9s\u0151bb:<\/p>\n<ul>\n<li>2024. \u00e1prilis 2.\u00a0\u2013 az ad\u00f3bevall\u00e1s beny\u00fajt\u00e1s\u00e1nak szok\u00e1sos hat\u00e1rideje,<\/li>\n<li>2024. j\u00falius 1.\u00a0\u2013 h\u00e1rom h\u00f3nappal meghosszabb\u00edtott\u00e1k az ad\u00f3bevall\u00e1s beny\u00fajt\u00e1s\u00e1nak hat\u00e1ridej\u00e9t,<\/li>\n<li>2024. szeptember 30.\u00a0\u2013 hat h\u00f3nappal meghosszabbodott az ad\u00f3bevall\u00e1s beny\u00fajt\u00e1s\u00e1nak hat\u00e1rideje (ezt a hat\u00e1rid\u0151t term\u00e9szetes szem\u00e9ly csak akkor veheti ig\u00e9nybe, ha k\u00fclf\u00f6ldr\u0151l is szerez ad\u00f3k\u00f6teles j\u00f6vedelmet).<\/li>\n<\/ul>\n<ul>\n<li><strong>A 2023. \u00e9vi szem\u00e9lyi j\u00f6vedelemad\u00f3 esed\u00e9kess\u00e9ge<\/strong>a bevall\u00e1s beny\u00fajt\u00e1s\u00e1nak hat\u00e1ridej\u00e9vel megegyez\u0151 id\u0151pontban, azaz a szok\u00e1sos bevall\u00e1si hat\u00e1rid\u0151 eset\u00e9n 2024. \u00e1prilis 2-\u00e1n, meghosszabb\u00edtott bevall\u00e1si hat\u00e1rid\u0151 eset\u00e9n 2024. \u00e1prilis 2. az ad\u00f3bevall\u00e1st h\u00e1rom h\u00f3napig (2024. j\u00falius 1.) vagy hat h\u00f3napig (2024. szeptember 30.).<\/li>\n<\/ul>\n<h2>Hogyan kell k\u00e9zbes\u00edteni a j\u00f6vedelemad\u00f3-bevall\u00e1st \u00e9s a halasztott bevall\u00e1st 2023-ra?<\/h2>\n<ul>\n<li>A term\u00e9szetes szem\u00e9ly ad\u00f3bevall\u00e1s\u00e1nak az ad\u00f3hivatalhoz val\u00f3 eljuttat\u00e1s\u00e1nak m\u00f3dja az ad\u00f3hivatallal val\u00f3 kommunik\u00e1ci\u00f3 m\u00f3dj\u00e1t\u00f3l f\u00fcgg.\u00a0Az ad\u00f3hivatallal\u00a0<a href=\"https:\/\/www.podnikajte.sk\/dane\/ako-vybavit-elektronicku-komunikaciu-s-danovym-uradom\">elektronikusan<\/a> kommunik\u00e1l\u00f3 valamennyi ad\u00f3z\u00f3 (pl. \u00e1faalany, 2018. j\u00falius 1-t\u0151l minden term\u00e9szetes szem\u00e9ly &#8211; v\u00e1llalkoz\u00f3) k\u00f6teles bevall\u00e1st beny\u00fajtani struktur\u00e1lt elektronikus form\u00e1ban, a p\u00e9nz\u00fcgyi igagat\u00e1si port\u00e1lon kereszt\u00fcl.<\/li>\n<\/ul>\n<p><a href=\"https:\/\/www.podnikajte.sk\/tlaciva\/vzory-tlaciv-danovych-priznani-z-prijmov-2023-2024\">M\u00e1s term\u00e9szetes szem\u00e9ly az ad\u00f3bevall\u00e1si nyomtatv\u00e1nyt<\/a>\u00a0szem\u00e9lyesen vagy postai \u00faton\u00a0juttathatja el az ad\u00f3hivatalhoz.<\/p>\n<p>Ha az ad\u00f3z\u00f3 a j\u00f6vedelemad\u00f3 bevall\u00e1si hat\u00e1ridej\u00e9t meg k\u00edv\u00e1nja hosszabb\u00edtani, akkor\u00a0az \u201eAd\u00f3bevall\u00e1si hat\u00e1rid\u0151 meghosszabb\u00edt\u00e1s\u00e1r\u00f3l sz\u00f3l\u00f3 ad\u00f3z\u00f3i \u00e9rtes\u00edt\u0151t\u201d\u00a0kell eljuttatnia az ad\u00f3hivatalhoz .\u00a0Az \u00e9rtes\u00edt\u00e9s k\u00e9zbes\u00edt\u00e9si hat\u00e1rideje\u00a0legk\u00e9s\u0151bb 2024. \u00e1prilis 2<strong>.<\/strong>\u00a0, amelyet az ad\u00f3z\u00f3 a bevall\u00e1ssal azonos m\u00f3don ny\u00fajt be (elektronikusan, szem\u00e9lyesen\u00a0 vagy postai \u00faton).<\/p>\n<p>&nbsp;<\/p>\n<p><i>Forr\u00e1s: <a href=\"https:\/\/www.podnikajte.sk\/dan-z-prijmov\/danove-priznanie-fyzickej-osoby-2023\" target=\"_blank\" rel=\"noopener\">Da\u0148ov\u00e9 priznanie fyzickej osoby za rok 2023: \u010do treba vedie\u0165 <\/a>,\u00a0<span class=\"il\">Podnikajte<\/span>.<span class=\"il\">sk<\/span><\/i><\/p>\n","protected":false},"excerpt":{"rendered":"<p>Inform\u00e1ci\u00f3k a 2023-as \u00e9vre vonatkoz\u00f3 szem\u00e9lyi j\u00f6vedelemad\u00f3 bevall\u00e1sr\u00f3l kock\u00e1ban &#8211; fontos sz\u00e1mok, mint p\u00e9ld\u00e1ul az ad\u00f3mentes r\u00e9szek \u00f6sszege, ad\u00f3kulcsok, gyermek ut\u00e1ni \u00e9s fizetett kamat ut\u00e1ni ad\u00f3kedvezm\u00e9ny,<span class=\"excerpt-hellip\"> [\u2026]<\/span><\/p>\n","protected":false},"author":2,"featured_media":544,"comment_status":"open","ping_status":"open","sticky":false,"template":"","format":"standard","meta":{"footnotes":""},"categories":[29],"tags":[],"class_list":["post-542","post","type-post","status-publish","format-standard","has-post-thumbnail","hentry","category-adozas"],"acf":[],"yoast_head":"<!-- This site is optimized with the Yoast SEO Premium plugin v15.2 - https:\/\/yoast.com\/wordpress\/plugins\/seo\/ -->\n<title>Szem\u00e9lyi ad\u00f3bevall\u00e1s 2023-ra: amit tudni kell - Ing. Ludov\u00edt Fiala - IFL<\/title>\n<meta name=\"robots\" content=\"index, follow, max-snippet:-1, max-image-preview:large, max-video-preview:-1\" \/>\n<link rel=\"canonical\" href=\"https:\/\/www.podnikajte.sk\/dan-z-prijmov\/danove-priznanie-fyzickej-osoby-2023\" \/>\n<meta property=\"og:locale\" content=\"hu_HU\" \/>\n<meta property=\"og:type\" content=\"article\" \/>\n<meta property=\"og:title\" content=\"Szem\u00e9lyi ad\u00f3bevall\u00e1s 2023-ra: amit tudni kell - Ing. Ludov\u00edt Fiala - IFL\" \/>\n<meta property=\"og:description\" content=\"Inform\u00e1ci\u00f3k a 2023-as \u00e9vre vonatkoz\u00f3 szem\u00e9lyi j\u00f6vedelemad\u00f3 bevall\u00e1sr\u00f3l kock\u00e1ban &#8211; fontos sz\u00e1mok, mint p\u00e9ld\u00e1ul az ad\u00f3mentes r\u00e9szek \u00f6sszege, ad\u00f3kulcsok, gyermek ut\u00e1ni \u00e9s fizetett kamat ut\u00e1ni ad\u00f3kedvezm\u00e9ny, [\u2026]\" \/>\n<meta property=\"og:url\" content=\"https:\/\/www.podnikajte.sk\/dan-z-prijmov\/danove-priznanie-fyzickej-osoby-2023\" \/>\n<meta property=\"og:site_name\" content=\"Ing. Ludov\u00edt Fiala - IFL\" \/>\n<meta property=\"article:published_time\" content=\"2024-02-22T09:31:05+00:00\" \/>\n<meta property=\"article:modified_time\" content=\"2024-02-22T09:53:07+00:00\" \/>\n<meta property=\"og:image\" content=\"https:\/\/ifl.sk\/wp-content\/uploads\/2024\/02\/jovedelem-ado.jpg\" \/>\n\t<meta property=\"og:image:width\" content=\"1920\" \/>\n\t<meta property=\"og:image:height\" content=\"1280\" \/>\n<meta name=\"twitter:card\" content=\"summary_large_image\" \/>\n<meta name=\"twitter:label1\" value=\"Szerz\u0151:\">\n\t<meta name=\"twitter:data1\" value=\"Webmaster\">\n\t<meta name=\"twitter:label2\" value=\"Becs\u00fclt olvas\u00e1si id\u0151\">\n\t<meta name=\"twitter:data2\" value=\"19 perc\">\n<script type=\"application\/ld+json\" class=\"yoast-schema-graph\">{\"@context\":\"https:\/\/schema.org\",\"@graph\":[{\"@type\":\"WebSite\",\"@id\":\"https:\/\/ifl.sk\/#website\",\"url\":\"https:\/\/ifl.sk\/\",\"name\":\"Ing. Ludov\\u00edt Fiala - IFL\",\"description\":\"\\u00da\\u010dtovn\\u00edctvo a da\\u0148ov\\u00e9 poradenstvo\",\"potentialAction\":[{\"@type\":\"SearchAction\",\"target\":\"https:\/\/ifl.sk\/?s={search_term_string}\",\"query-input\":\"required name=search_term_string\"}],\"inLanguage\":\"hu\"},{\"@type\":\"ImageObject\",\"@id\":\"https:\/\/www.podnikajte.sk\/dan-z-prijmov\/danove-priznanie-fyzickej-osoby-2023#primaryimage\",\"inLanguage\":\"hu\",\"url\":\"https:\/\/ifl.sk\/wp-content\/uploads\/2024\/02\/jovedelem-ado.jpg\",\"width\":1920,\"height\":1280},{\"@type\":\"WebPage\",\"@id\":\"https:\/\/www.podnikajte.sk\/dan-z-prijmov\/danove-priznanie-fyzickej-osoby-2023#webpage\",\"url\":\"https:\/\/www.podnikajte.sk\/dan-z-prijmov\/danove-priznanie-fyzickej-osoby-2023\",\"name\":\"Szem\\u00e9lyi ad\\u00f3bevall\\u00e1s 2023-ra: amit tudni kell - Ing. Ludov\\u00edt Fiala - IFL\",\"isPartOf\":{\"@id\":\"https:\/\/ifl.sk\/#website\"},\"primaryImageOfPage\":{\"@id\":\"https:\/\/www.podnikajte.sk\/dan-z-prijmov\/danove-priznanie-fyzickej-osoby-2023#primaryimage\"},\"datePublished\":\"2024-02-22T09:31:05+00:00\",\"dateModified\":\"2024-02-22T09:53:07+00:00\",\"author\":{\"@id\":\"https:\/\/ifl.sk\/#\/schema\/person\/65fdd36dbb51fc14daad28e78bca81d8\"},\"inLanguage\":\"hu\",\"potentialAction\":[{\"@type\":\"ReadAction\",\"target\":[\"https:\/\/www.podnikajte.sk\/dan-z-prijmov\/danove-priznanie-fyzickej-osoby-2023\"]}]},{\"@type\":\"Person\",\"@id\":\"https:\/\/ifl.sk\/#\/schema\/person\/65fdd36dbb51fc14daad28e78bca81d8\",\"name\":\"Webmaster\",\"image\":{\"@type\":\"ImageObject\",\"@id\":\"https:\/\/ifl.sk\/#personlogo\",\"inLanguage\":\"hu\",\"url\":\"https:\/\/secure.gravatar.com\/avatar\/fa59eca08843b85c389150eefabacd4804ff4c76f167dee611a1cc2a88021a3d?s=96&d=mm&r=g\",\"caption\":\"Webmaster\"}},{\"@type\":\"Place\",\"@id\":\"https:\/\/www.podnikajte.sk\/dan-z-prijmov\/danove-priznanie-fyzickej-osoby-2023#local-place\",\"address\":{\"@type\":\"PostalAddress\",\"@id\":\"https:\/\/www.podnikajte.sk\/dan-z-prijmov\/danove-priznanie-fyzickej-osoby-2023#local-place-address\",\"streetAddress\":\"\",\"addressLocality\":\"\",\"postalCode\":\"\",\"addressRegion\":\"\",\"addressCountry\":\"\"},\"geo\":{\"@type\":\"GeoCoordinates\",\"latitude\":\"\",\"longitude\":\"\"},\"openingHoursSpecification\":[{\"@type\":\"OpeningHoursSpecification\",\"dayOfWeek\":[\"Monday\",\"Tuesday\",\"Wednesday\",\"Thursday\",\"Friday\",\"Saturday\",\"Sunday\"],\"opens\":\"09:00\",\"closes\":\"17:00\"}]}]}<\/script>\n<!-- \/ Yoast SEO Premium plugin. -->","_links":{"self":[{"href":"https:\/\/ifl.sk\/hu\/wp-json\/wp\/v2\/posts\/542","targetHints":{"allow":["GET"]}}],"collection":[{"href":"https:\/\/ifl.sk\/hu\/wp-json\/wp\/v2\/posts"}],"about":[{"href":"https:\/\/ifl.sk\/hu\/wp-json\/wp\/v2\/types\/post"}],"author":[{"embeddable":true,"href":"https:\/\/ifl.sk\/hu\/wp-json\/wp\/v2\/users\/2"}],"replies":[{"embeddable":true,"href":"https:\/\/ifl.sk\/hu\/wp-json\/wp\/v2\/comments?post=542"}],"version-history":[{"count":12,"href":"https:\/\/ifl.sk\/hu\/wp-json\/wp\/v2\/posts\/542\/revisions"}],"predecessor-version":[{"id":559,"href":"https:\/\/ifl.sk\/hu\/wp-json\/wp\/v2\/posts\/542\/revisions\/559"}],"wp:featuredmedia":[{"embeddable":true,"href":"https:\/\/ifl.sk\/hu\/wp-json\/wp\/v2\/media\/544"}],"wp:attachment":[{"href":"https:\/\/ifl.sk\/hu\/wp-json\/wp\/v2\/media?parent=542"}],"wp:term":[{"taxonomy":"category","embeddable":true,"href":"https:\/\/ifl.sk\/hu\/wp-json\/wp\/v2\/categories?post=542"},{"taxonomy":"post_tag","embeddable":true,"href":"https:\/\/ifl.sk\/hu\/wp-json\/wp\/v2\/tags?post=542"}],"curies":[{"name":"wp","href":"https:\/\/api.w.org\/{rel}","templated":true}]}}