{"id":592,"date":"2024-05-10T13:38:29","date_gmt":"2024-05-10T11:38:29","guid":{"rendered":"https:\/\/ifl.sk\/?p=592"},"modified":"2024-05-10T13:41:31","modified_gmt":"2024-05-10T11:41:31","slug":"adolicencek-minimalis-ado-jogi-szemelyek-reszere-2024-januar-1-tol","status":"publish","type":"post","link":"https:\/\/ifl.sk\/hu\/adolicencek-minimalis-ado-jogi-szemelyek-reszere-2024-januar-1-tol","title":{"rendered":"Ad\u00f3licencek (minim\u00e1lis ad\u00f3) jogi szem\u00e9lyek r\u00e9sz\u00e9re 2024. janu\u00e1r 1-t\u0151l"},"content":{"rendered":"<ol start=\"2024\">\n<li>janu\u00e1r 1-t\u0151l a jogi szem\u00e9lyeknek legal\u00e1bb a minim\u00e1lad\u00f3 m\u00e9rt\u00e9k\u00e9ben kell j\u00f6vedelemad\u00f3t fizetni\u00fck &#8211; kit nem \u00e9rint ez a k\u00f6telezetts\u00e9g, mekkora a minim\u00e1lis ad\u00f3 m\u00e9rt\u00e9ke \u00e9s milyen lehet\u0151s\u00e9gei vannak a befizetett ad\u00f3licenc felhaszn\u00e1l\u00e1s\u00e1nak, a cikkben olvashat\u00f3.<\/li>\n<\/ol>\n<p>&nbsp;<\/p>\n<p>Az \u00e1llamh\u00e1ztart\u00e1s helyzet\u00e9nek jav\u00edt\u00e1sa \u00e9rdek\u00e9ben 2023.12.19-\u00e9n a Szlov\u00e1k K\u00f6zt\u00e1rsas\u00e1g Parlamentje elfogadta azt a t\u00f6rv\u00e9nytervezetet, amely t\u00f6bb ter\u00fcleten is v\u00e1ltoz\u00e1st hoz. Az egyik \u00fan. konszolid\u00e1ci\u00f3s csomag tartalmazza a jogi szem\u00e9lyek minim\u00e1lad\u00f3j\u00e1nak vissza\u00e1ll\u00edt\u00e1s\u00e1t is, amit a gyakorlatban ad\u00f3licencnek is neveznek. A t\u00e1rsas\u00e1gi minim\u00e1lad\u00f3 bevezet\u00e9s\u00e9r\u0151l a &#8222;r\u00e9gi-\u00faj&#8221; el\u0151\u00edr\u00e1s, konkr\u00e9tan a 595\/2003 sz\u00e1m\u00fa, a j\u00f6vedelemad\u00f3r\u00f3l sz\u00f3l\u00f3 t\u00f6rv\u00e9ny \u00a046b \u00a7-a rendelkezik. (a tov\u00e1bbiakban: Szja tv.).<\/p>\n<p>Az ad\u00f3licencek\u00a0 2014 \u00e9s 2017 k\u00f6z\u00f6tt m\u00e1r \u00e9rv\u00e9nyben voltak. 2018-ban a Szlov\u00e1k K\u00f6zt\u00e1rsas\u00e1g P\u00e9nz\u00fcgyminiszt\u00e9riuma meg\u00e1llap\u00edtotta, hogy az ad\u00f3licencek bevezet\u00e9se az ad\u00f3teher egyenletesebb eloszt\u00e1s\u00e1val jelent\u0151sen jav\u00edtotta az ad\u00f3z\u00e1s igazs\u00e1goss\u00e1g\u00e1t. Az akt\u00edv c\u00e9gek t\u00f6rl\u00e9s\u00e9vel kapcsolatos aggodalmak nem v\u00e1ltak val\u00f3ra, \u00e9ppen ellenkez\u0151leg &#8211; az ad\u00f3licenc bevezet\u00e9se seg\u00edtett &#8222;megtiszt\u00edtani&#8221; az inakt\u00edv c\u00e9gek c\u00e9gnyilv\u00e1ntart\u00e1s\u00e1t. Az elemz\u00e9s k\u00e9sz\u00edt\u0151i meg\u00e1llap\u00edtott\u00e1k, hogy a hossz\u00fa ideig ad\u00f3t nem fizet\u0151 c\u00e9gek az ad\u00f3k\u00f6telezetts\u00e9geiket becs\u00fcletesen teljes\u00edt\u0151k rov\u00e1s\u00e1ra haszn\u00e1lt\u00e1k a rendszer el\u0151nyeit. Bebizonyosodott, hogy az ad\u00f3licenc bevezet\u00e9se enyh\u00edtheti az ad\u00f3rendszer hi\u00e1nyoss\u00e1gait, viszont hosszabb t\u00e1von az ad\u00f3beszed\u00e9s siker\u00e9t n\u00f6vel\u0151 reformok akad\u00e1lya lehet. A koal\u00edci\u00f3s meg\u00e1llapod\u00e1s alapj\u00e1n, \u00e9s a bevezet\u00e9s\u00e9nek r\u00f6vid t\u00e1v\u00fa c\u00e9lj\u00e1nak teljes\u00edt\u00e9se ut\u00e1n, 4 \u00e9v ut\u00e1n megsz\u0171nt.<\/p>\n<p>&nbsp;<\/p>\n<p>Az ad\u00f3licencek \u00fajb\u00f3li bevezet\u00e9se a becsl\u00e9sek szerint \u00f6sszesen 200 000 szervezetet \u00e9rint , \u00e9s hozz\u00e1vet\u0151leg 120 milli\u00f3 eur\u00f3t hoz az \u00e1llami k\u00f6lts\u00e9gvet\u00e9sbe 2024-ben.<\/p>\n<p>A k\u00f6zelj\u00f6v\u0151 ad v\u00e1laszt arra, hogy a minim\u00e1lad\u00f3 (ad\u00f3licenc) 6 \u00e9v ut\u00e1ni \u00fajb\u00f3li bevezet\u00e9se hogyan \u00e9rinti az \u00fczleti k\u00f6rnyezetet. Az ad\u00f3licencek \u00fajb\u00f3li bevezet\u00e9s\u00e9t 2024. janu\u00e1r 1-t\u0151l hagyt\u00e1k j\u00f3v\u00e1.<\/p>\n<p>&nbsp;<\/p>\n<p><u>Ad\u00f3licenc (minim\u00e1lad\u00f3) fizet\u00e9se 2024. janu\u00e1r 1-t\u0151l &#8211; kit \u00e9rint?<\/u><\/p>\n<p>Azon jogi szem\u00e9lyeknek (pl. kft, rt) kell minim\u00e1lad\u00f3t kell fizetni\u00fck :<\/p>\n<ul>\n<li>amelyek ad\u00f3vesztes\u00e9get \u00e9rtek el,<\/li>\n<li>akiknek az ad\u00f3bevall\u00e1s\u00e1ban nulla ad\u00f3fizet\u00e9si k\u00f6telezetts\u00e9g szerepelt (azaz nem mutatott ki ad\u00f3k\u00f6telezetts\u00e9get),<\/li>\n<li>akinek az ad\u00f3bevall\u00e1sban sz\u00e1m\u00edtott, Szja-t\u00f6rv\u00e9ny szerinti ad\u00f3kedvezm\u00e9nyekkel \u00e9s k\u00fclf\u00f6ld\u00f6n fizetett ad\u00f3val cs\u00f6kkentett ad\u00f3k\u00f6telezetts\u00e9ge alacsonyabb, mint a minim\u00e1lad\u00f3 \u00f6sszege.<\/li>\n<\/ul>\n<p>Az ad\u00f3kedvezm\u00e9nyek k\u00f6z\u00e9 tartozik a beruh\u00e1z\u00e1si t\u00e1mogat\u00e1sban r\u00e9szes\u00fcl\u0151k kedvezm\u00e9nye (Szja tv. 30a. \u00a7) \u00e9s az \u00f6szt\u00f6nz\u0151 t\u00e1mogat\u00e1sok kedvezm\u00e9nyezettjeinek ad\u00f3kedvezm\u00e9nye (Szja tv. 30b. \u00a7).<\/p>\n<p>&nbsp;<\/p>\n<p>A minim\u00e1lad\u00f3t teh\u00e1t a jogi szem\u00e9lyek gazdas\u00e1gi eredm\u00e9ny\u00fckt\u0151l f\u00fcggetlen\u00fcl fizetik. M\u00e1s sz\u00f3val, ha az ad\u00f3juk kevesebb, mint a minim\u00e1lad\u00f3, akkor azt kell fizetni\u00fck. Az ad\u00f3licenc bevezet\u00e9s\u00e9nek form\u00e1j\u00e1nak v\u00e1ltoz\u00e1sa k\u00fcl\u00f6n\u00f6sen az inakt\u00edv, &#8222;alv\u00f3&#8221; jogi szem\u00e9lyeket (pl. nulla bev\u00e9tel\u0171 kft.) \u00e9rinti negat\u00edvan, amelyekn\u00e9l a jelenlegi minimum vagy ak\u00e1r semmilyen ad\u00f3fizet\u00e9si k\u00f6telezetts\u00e9g 340-re emelkedik.<\/p>\n<p>&nbsp;<\/p>\n<p>Felh\u00edvjuk figyelm\u00fcket, hogy a Szja-t\u00f6rv\u00e9ny m\u00f3dos\u00edt\u00e1sa szerint a minim\u00e1lad\u00f3 fizet\u00e9se kiz\u00e1r\u00f3lag a jogi szem\u00e9lyekre vonatkozik, teh\u00e1t a v\u00e1llalkoz\u00f3 term\u00e9szetes szem\u00e9lyeket (pl. egy\u00e9ni v\u00e1llalkoz\u00f3kat) a v\u00e1ltoz\u00e1s nem \u00e9rinti.<\/p>\n<p>&nbsp;<\/p>\n<p><u>A 2024. janu\u00e1r 1-t\u0151l \u00e9rv\u00e9nyes minim\u00e1lad\u00f3 nem vonatkozik a mag\u00e1nszem\u00e9lyekre \u00e9s azon m\u00e1s ad\u00f3z\u00f3kra (jogi szem\u00e9lyekre):<\/u><\/p>\n<ul>\n<li>amelyekre a keletkez\u00e9s\u00fck szerinti ad\u00f3z\u00e1si id\u0151szakra vonatkoz\u00f3an el\u0151sz\u00f6r keletkezett bevall\u00e1si k\u00f6telezetts\u00e9ge, kiv\u00e9ve azokat az ad\u00f3alanyokat, akik felsz\u00e1mol\u00e1s n\u00e9lk\u00fcl megsz\u0171nt ad\u00f3z\u00f3 jogut\u00f3djai,<\/li>\n<li>akik nem v\u00e1llalkoz\u00e1si c\u00e9llal l\u00e9tes\u00fcltek vagy l\u00e9tes\u00fcltek &#8211; pl. civil egyes\u00fcletek, alap\u00edtv\u00e1nyok, nem befektet\u00e9si alapok \u00e9s k\u00f6zhaszn\u00fa szolg\u00e1ltat\u00e1sokat ny\u00fajt\u00f3 nonprofit szervezetek, jogi szem\u00e9lyek \u00e9rdeksz\u00f6vets\u00e9gei, szakmai kamar\u00e1k, politikai p\u00e1rtok \u00e9s politikai mozgalmak, \u00e1llamilag elismert egyh\u00e1zak \u00e9s vall\u00e1si t\u00e1rsas\u00e1gok, lak\u00e1stulajdonosok \u00e9s nonprofit szervezetek, lak\u00f3k\u00f6z\u00f6ss\u00e9gek, \u00f6nkorm\u00e1nyzatok stb.,<\/li>\n<li>amelyek k\u00f6zkereseti t\u00e1rsas\u00e1gok,<\/li>\n<li>amelyek v\u00e9dett m\u0171helyt vagy v\u00e9dett munkahelyet is \u00fczemeltetnek,<\/li>\n<li>felsz\u00e1mol\u00e1s vagy cs\u0151delj\u00e1r\u00e1s alatt \u00e1llnak,<\/li>\n<li>f\u00f6ldk\u00f6z\u00f6ss\u00e9gek, ha csak a f\u00f6ldk\u00f6z\u00f6ss\u00e9gekr\u0151l sz\u00f3l\u00f3 t\u00f6rv\u00e9ny szerinti tev\u00e9kenys\u00e9gb\u0151l szereznek bev\u00e9telt 10 000 eur\u00f3t meg nem halad\u00f3 ad\u00f3k\u00f6teles bev\u00e9tellel.<\/li>\n<\/ul>\n<p>&nbsp;<\/p>\n<p><u>Az \u00e1tmeneti rendelkez\u00e9sek szerint azok az ad\u00f3z\u00f3k, akik:<\/u><\/p>\n<ul>\n<li>felsz\u00e1mol\u00e1s alatt \u00e1llnak 2024-ben, vagy amelyekre a 2024-es \u00e9vben cs\u0151d\u00f6t jelentettek be, nem fizetnek minim\u00e1lad\u00f3t arra az ad\u00f3id\u0151szakra, amely a felsz\u00e1mol\u00e1suk napj\u00e1t megel\u0151z\u0151 napon vagy a cs\u0151delj\u00e1r\u00e1s kihirdet\u00e9s\u00e9nek napj\u00e1t megel\u0151z\u0151 napon v\u00e9gz\u0151d\u00f6tt,<\/li>\n<li>a 2024-es napt\u00e1ri \u00e9vben az ad\u00f3id\u0151szakot napt\u00e1ri \u00e9vr\u0151l p\u00e9nz\u00fcgyi \u00e9vre v\u00e1ltoztatj\u00e1k; minim\u00e1lad\u00f3t csak a v\u00e1ltoz\u00e1st megel\u0151z\u0151 id\u0151szakra, majd azt k\u00f6vet\u0151en m\u00e1r az azt k\u00f6vet\u0151 p\u00e9nz\u00fcgyi \u00e9vre.<\/li>\n<\/ul>\n<p><u>Az ad\u00f3licenc \u00f6sszege (minim\u00e1lis ad\u00f3) 2024. janu\u00e1r 1-t\u0151l<\/u><\/p>\n<p>A t\u00e1rsas\u00e1gi ad\u00f3 minim\u00e1lis \u00f6sszege az ad\u00f3k\u00f6teles j\u00f6vedelem \u00f6sszeg\u00e9t\u0151l f\u00fcgg. Az ad\u00f3k\u00f6teles j\u00f6vedelem n\u00f6veked\u00e9s\u00e9vel a minim\u00e1lad\u00f3 \u00f6sszege emelkedik, ahogy az al\u00e1bbi t\u00e1bl\u00e1zatban l\u00e1that\u00f3.<\/p>\n<table>\n<tbody>\n<tr>\n<td width=\"302\"><strong>Ad\u00f3k\u00f6teles j\u00f6vedelem \u00f6sszege<\/strong><\/td>\n<td width=\"302\"><strong>Minim\u00e1lis ad\u00f3 \u00f6sszege 2024.1.1-t\u0151l<\/strong><\/td>\n<\/tr>\n<tr>\n<td width=\"302\">50 000 eur\u00f3ig bele\u00e9rtve<\/td>\n<td width=\"302\">340 eur\u00f3<\/td>\n<\/tr>\n<tr>\n<td width=\"302\">50 000,01 eur\u00f3t\u00f3l 250 000 eur\u00f3ig bele\u00e9rtve<\/td>\n<td width=\"302\">960 eur\u00f3<\/td>\n<\/tr>\n<tr>\n<td width=\"302\">250 000,01 eur\u00f3t\u00f3l 500 000 eur\u00f3ig<\/td>\n<td width=\"302\">1920 eur\u00f3<\/td>\n<\/tr>\n<tr>\n<td width=\"302\">t\u00f6bb mint 500.000 eur\u00f3<\/td>\n<td width=\"302\">3840 eur\u00f3<\/td>\n<\/tr>\n<\/tbody>\n<\/table>\n<p>&nbsp;<\/p>\n<p>A minim\u00e1lad\u00f3 (ad\u00f3licenc) m\u00e9rt\u00e9k\u00e9t kor\u00e1bban nemcsak az \u00e9ves \u00e1rbev\u00e9tel m\u00e9rt\u00e9ke befoly\u00e1solta, hanem az is, hogy az \u00e1fa fizet\u0151-e vagy sem.\u00a02024. janu\u00e1r 1-j\u00e9t\u0151l megsz\u0171nik az \u00e1fat\u00f6rv\u00e9ny szerinti jogi szem\u00e9lyi st\u00e1tusz ellen\u0151rz\u00e9se,\u00a0a minim\u00e1lad\u00f3 m\u00e9rt\u00e9k\u00e9t csak az ad\u00f3k\u00f6teles j\u00f6vedelem (bev\u00e9tel) \u00f6sszege hat\u00e1rozza meg.<\/p>\n<p>Ha az ad\u00f3z\u00f3 ad\u00f3z\u00e1si id\u0151szaka\u00a012 egym\u00e1st k\u00f6vet\u0151 napt\u00e1ri h\u00f3napn\u00e1l r\u00f6videbb, a minim\u00e1lis ad\u00f3 \u00f6sszege\u00a0ar\u00e1nyosan cs\u00f6kken.<strong>\u00a0<\/strong>Ez k\u00fcl\u00f6n\u00f6sen vonatkozik a jogi szem\u00e9lyekre, amikor egy napt\u00e1ri \u00e9vr\u0151l egy p\u00e9nz\u00fcgyi \u00e9vre v\u00e1ltanak \u00e1t, vagy amikor a v\u00e1llalkoz\u00e1s v\u00e9get \u00e9r.\u00a0Az ad\u00f3alany a minim\u00e1lis ad\u00f3nak csak egy r\u00e9sz\u00e9t fizeti meg, amely annak a h\u00f3napsz\u00e1mnak felel meg, amelyben v\u00e1llalkoz\u00e1si tev\u00e9kenys\u00e9g\u00e9t folytatta.\u00a0A fenti t\u00e1bl\u00e1zat szerinti minim\u00e1lad\u00f3 \u00f6sszeg\u00e9nek 1\/12-e \u00e9s az ad\u00f3id\u0151szak napt\u00e1ri h\u00f3napjainak szorzatak\u00e9nt ker\u00fcl kisz\u00e1m\u00edt\u00e1sra.<\/p>\n<p>A szem\u00e9lyi j\u00f6vedelemad\u00f3r\u00f3l sz\u00f3l\u00f3 t\u00f6rv\u00e9ny m\u00f3dos\u00edt\u00e1sa szerint a fogyat\u00e9kkal \u00e9l\u0151ket foglalkoztat\u00f3 jogi szem\u00e9lyek\u00a0legfeljebb fel\u00e9re cs\u00f6kkenthetik a minim\u00e1lis ad\u00f3 m\u00e9rt\u00e9k\u00e9t.\u00a0Felt\u00e9tel, hogy a megv\u00e1ltozott munkak\u00e9pess\u00e9g\u0171 munkav\u00e1llal\u00f3k \u00e1tlagos nyilv\u00e1ntartott l\u00e9tsz\u00e1ma az \u00f6sszes \u00e1tlagos nyilv\u00e1ntartott l\u00e9tsz\u00e1m legal\u00e1bb 20%-a legyen.\u00a0A term\u00e9szetes szem\u00e9lyek \u00e1tlagos nyilv\u00e1ntartott l\u00e9tsz\u00e1m\u00e1t a megfigyelt id\u0151szak \u00f6sszes napj\u00e1n foglalkoztatott term\u00e9szetes szem\u00e9lyek sz\u00e1m\u00e1nak \u00f6sszegek\u00e9nt kell kisz\u00e1m\u00edtani, amelyet elosztunk a t\u00e1rgyid\u0151szak napt\u00e1ri napjaival.<\/p>\n<p><u>Mikor kell fizetni az ad\u00f3licencet (minim\u00e1lis ad\u00f3t) 2024. janu\u00e1r 1-t\u0151l?<\/u><\/p>\n<p>Az ad\u00f3z\u00f3 ugyanabban az id\u0151szakban k\u00f6teles megfizetni a minim\u00e1lis ad\u00f3t, amelyben a t\u00e1rsas\u00e1gi ad\u00f3 bevall\u00e1si k\u00f6telezetts\u00e9ge is van. Az Szja tv. 49. \u00a7-a szerint az ad\u00f3bevall\u00e1st az ad\u00f3id\u0151szak v\u00e9g\u00e9t k\u00f6vet\u0151 3 napt\u00e1ri h\u00f3napon bel\u00fcl kell beny\u00fajtani, ha jogszab\u00e1ly m\u00e1sk\u00e9nt nem rendelkezik.<\/p>\n<p>&nbsp;<\/p>\n<p>Az ad\u00f3bevall\u00e1s beny\u00fajt\u00e1s\u00e1nak hat\u00e1rideje meghosszabb\u00edthat\u00f3:<\/p>\n<ul>\n<li>legfeljebb tov\u00e1bbi 3 teljes napt\u00e1ri h\u00f3napig,<\/li>\n<li>legfeljebb 6 teljes napt\u00e1ri h\u00f3napig, ha az ad\u00f3z\u00f3 az ad\u00f3z\u00e1si id\u0151szakban k\u00fclf\u00f6ldi forr\u00e1sb\u00f3l szerzett ad\u00f3k\u00f6teles j\u00f6vedelmet.<\/li>\n<\/ul>\n<p>&nbsp;<\/p>\n<p><em>Ha az ad\u00f3z\u00f3 ad\u00f3z\u00e1si id\u0151szaka napt\u00e1ri \u00e9v, akkor a minim\u00e1lad\u00f3 els\u0151 alkalommal 2025.03.31-\u00e9n kell fizetni a 2024.1.1-t\u0151l 2024.12.31-ig terjed\u0151 ad\u00f3id\u0151szakra.<\/em><\/p>\n<p><u>\u00a0<\/u><\/p>\n<p><u>A megfizetett ad\u00f3licenc (minim\u00e1lis ad\u00f3) besz\u00e1m\u00edt\u00e1sa 2024. janu\u00e1r 1-t\u0151l<\/u><\/p>\n<p>A minim\u00e1lad\u00f3 \u00e9s az ad\u00f3bevall\u00e1sban sz\u00e1m\u00edtott ad\u00f3 pozit\u00edv k\u00fcl\u00f6nb\u00f6zete az ad\u00f3el\u0151leg alkalmaz\u00e1sa el\u0151tt besz\u00e1m\u00edthat\u00f3 az ad\u00f3fizet\u00e9si k\u00f6telezetts\u00e9gbe. Pozit\u00edv k\u00fcl\u00f6nb\u00f6zet \u200b\u200bakkor keletkezhet az ad\u00f3z\u00f3n\u00e1l, ha az ad\u00f3alapra \u00e1tsz\u00e1m\u00edtott gazdas\u00e1gi eredm\u00e9ny alapj\u00e1n a bevall\u00e1sban sz\u00e1m\u00edtott ad\u00f3fizet\u00e9si k\u00f6telezetts\u00e9g alacsonyabb lesz, mint az ut\u00e1na fizetend\u0151 minim\u00e1lad\u00f3 \u00e9rt\u00e9ke. Az Szja-t\u00f6rv\u00e9ny lehet\u0151v\u00e9 teszi, hogy a jogi szem\u00e9lyek ezt a pozit\u00edv k\u00fcl\u00f6nb\u00f6zetet az ad\u00f3k\u00f6telezetts\u00e9g\u00fckbe besz\u00e1m\u00edts\u00e1k (azaz ad\u00f3k\u00f6telezetts\u00e9g\u00fcket cs\u00f6kkents\u00e9k) legfeljebb h\u00e1rom egym\u00e1st k\u00f6vet\u0151, azt az ad\u00f3id\u0151szakot k\u00f6vet\u0151 ad\u00f3z\u00e1si id\u0151szakban, amelyre ezt a minim\u00e1lad\u00f3t megfizett\u00e9k.<\/p>\n<p>A pozit\u00edv k\u00fcl\u00f6nb\u00f6zet \u200b\u200bazonban csak a jogi szem\u00e9ly minimumad\u00f3j\u00e1nak \u00f6sszeg\u00e9t meghalad\u00f3 ad\u00f3k\u00f6telezetts\u00e9g \u00f6sszeg\u00e9be \u00edrhat\u00f3 j\u00f3v\u00e1, pl. a jogi szem\u00e9lynek minden esetben meg kell fizetnie az ad\u00f3k\u00f6teles j\u00f6vedelm\u00e9nek (bev\u00e9teleinek) m\u00e9rt\u00e9k\u00e9t\u0151l f\u00fcgg\u0151 minim\u00e1lis ad\u00f3t.<\/p>\n<p>&nbsp;<\/p>\n<p><em>P\u00e9lda a minim\u00e1lis ad\u00f3 \u00e9s ad\u00f3k\u00f6telezetts\u00e9g besz\u00e1m\u00edt\u00e1s\u00e1ra 2025-ben<\/em><\/p>\n<p><em>Az ABC s.r.o. 2012 \u00f3ta m\u0171k\u00f6dik, 2024-ben 100 000 eur\u00f3 ad\u00f3k\u00f6teles bev\u00e9telt (j\u00f6vedelmet) \u00e9rt el. A jogi szem\u00e9ly ad\u00f3bevall\u00e1s\u00e1ban az ad\u00f3alapp\u00e1 igaz\u00edtott gazdas\u00e1gi eredm\u00e9ny alapj\u00e1n az ABC s.r.o. &#8211; nak 300 eur\u00f3 ad\u00f3fizet\u00e9si k\u00f6telezetts\u00e9ge keletkezett. Mivel az ad\u00f3k\u00f6telezetts\u00e9g alacsonyabb, mint a 100 000 eur\u00f3s ad\u00f3k\u00f6teles j\u00f6vedelem minim\u00e1lad\u00f3ja, az ABC s.r.o. t\u00e1rsas\u00e1gnak 300 eur\u00f3s ad\u00f3 helyett 960 eur\u00f3s minim\u00e1lad\u00f3t kell fizetnie. A minim\u00e1lad\u00f3 \u00e9s az ad\u00f3bevall\u00e1sban szerepl\u0151 660 eur\u00f3s pozit\u00edv k\u00fcl\u00f6nb\u00f6zet \u200b\u200b(960 eur\u00f3 \u00e9s 300 eur\u00f3 k\u00f6z\u00f6tti k\u00fcl\u00f6nbs\u00e9g) a 2025-2027-es ad\u00f3id\u0151szakban besz\u00e1m\u00edthat\u00f3 az ad\u00f3k\u00f6telezetts\u00e9gbe. A k\u00f6vetkez\u0151 ad\u00f3z\u00e1si id\u0151szakban (2025), ugyanekkora 100 000 eur\u00f3s ad\u00f3k\u00f6teles j\u00f6vedelmet \u00e9rt el, azonban az ad\u00f3k\u00f6telezetts\u00e9g 1000 eur\u00f3ra n\u0151tt. Az ABC s.r.o. 660 eur\u00f3b\u00f3l mind\u00f6ssze 40 eur\u00f3t vonhat le, mert az ad\u00f3k\u00f6telezetts\u00e9g \u00faj \u00f6sszeg\u00e9nek legal\u00e1bb az ad\u00f3k\u00f6teles j\u00f6vedelem vonatkoz\u00f3 k\u00fcsz\u00f6b\u00e9re vonatkoz\u00f3 minim\u00e1lad\u00f3 \u00f6sszeg\u00e9nek kell lennie. A 2024-re fizetett minim\u00e1lis ad\u00f3 figyelembev\u00e9tele ut\u00e1n a 2025-\u00f6s ad\u00f3 960 eur\u00f3 (1000 eur\u00f3 &#8211; 40 eur\u00f3) lesz.<\/em><\/p>\n<p>&nbsp;<\/p>\n<p><u>A befizetett minim\u00e1lad\u00f3 vagy pozit\u00edv k\u00fcl\u00f6nb\u00f6zet\u00e9nek besz\u00e1m\u00edt\u00e1s\u00e1ra val\u00f3 jogosults\u00e1g megsz\u0171nik:<\/u><\/p>\n<ul>\n<li>ha az ad\u00f3z\u00f3nak nincs lehet\u0151s\u00e9ge az ad\u00f3minimumot, illetve a kor\u00e1bbi ad\u00f3bevall\u00e1sban sz\u00e1m\u00edtott ad\u00f3 k\u00fcl\u00f6nb\u00f6zet\u00e9t levonni (pl. a minim\u00e1lad\u00f3 \u00f6sszeg\u00e9n\u00e9l alacsonyabb ad\u00f3k\u00f6telezetts\u00e9g vagy ad\u00f3vesztes\u00e9g miatt),<\/li>\n<li>az ad\u00f3z\u00f3 felsz\u00e1mol\u00e1s n\u00e9lk\u00fcli t\u00f6rl\u00e9s\u00e9nek napj\u00e1hoz, az ad\u00f3z\u00f3 cs\u0151dbe l\u00e9p\u00e9s\u00e9nek vagy az ad\u00f3z\u00f3 felsz\u00e1mol\u00e1s\u00e1nak napj\u00e1hoz.<\/li>\n<\/ul>\n<p>&nbsp;<\/p>\n<p><em>P\u00e9lda a minimumad\u00f3 \u00e9s ad\u00f3k\u00f6telezetts\u00e9g besz\u00e1m\u00edt\u00e1si lehet\u0151s\u00e9g\u00e9nek megsz\u0171n\u00e9s\u00e9re a k\u00f6zvetlen\u00fcl k\u00f6vetkez\u0151 ad\u00f3z\u00e1si id\u0151szakokban (p\u00e9lda folytat\u00e1sa \u2013 ABC s.r.o. t\u00e1rsas\u00e1g)<\/em><\/p>\n<p><em>\u00a0<\/em><\/p>\n<p><em>Az ABC s.r.o. 2024-ben a 300 eur\u00f3s ad\u00f3k\u00f6telezetts\u00e9g helyett 960 eur\u00f3s minim\u00e1lad\u00f3t fizetett. A 660 eur\u00f3 \u00f6sszeg\u0171 pozit\u00edv k\u00fcl\u00f6nb\u00f6zet \u200b\u200ba megfelel\u0151 \u00f6sszeg el\u00e9r\u00e9se eset\u00e9n a k\u00f6vetkez\u0151 ad\u00f3z\u00e1si id\u0151szakokban levonhat\u00f3 az ad\u00f3fizet\u00e9si k\u00f6telezetts\u00e9gb\u0151l. Az ABC s.r.o. a k\u00f6vetkez\u0151 eredm\u00e9nyeket \u00e9rte el a k\u00f6vetkez\u0151 \u00e9vekben:<\/em><\/p>\n<p><em>\u00a0<\/em><\/p>\n<table>\n<tbody>\n<tr>\n<td width=\"54\"><strong>Ad\u00f3z\u00e1si id\u0151szak<\/strong><\/td>\n<td width=\"84\"><strong>Az ad\u00f3k\u00f6teles j\u00f6vedelem nagys\u00e1ga<\/strong><\/p>\n<p>&nbsp;<\/td>\n<td width=\"102\"><strong>Az ad\u00f3k\u00f6telezetts\u00e9g nagys\u00e1ga<\/strong><\/td>\n<td width=\"96\"><strong>Az ad\u00f3licenc nagys\u00e1ga az adott \u00e9vben<\/strong><\/td>\n<td width=\"100\"><strong>A minim\u00e1l ad\u00f3 besz\u00e1m\u00edt\u00e1sa a 2024-es ad\u00f3id\u0151szakra<\/strong><\/p>\n<p>&nbsp;<\/td>\n<td width=\"64\"><strong>Fizetend\u0151 ad\u00f3<\/strong><\/td>\n<td width=\"105\"><strong>A minim\u00e1lad\u00f3 fennmarad\u00f3 r\u00e9sze\u00a0 besz\u00e1m\u00edt\u00e1sra<\/strong><\/td>\n<\/tr>\n<tr>\n<td width=\"54\"><strong>2025<\/strong><\/td>\n<td width=\"84\">100\u00a0000 \u20ac<\/td>\n<td width=\"102\">1 000 \u20ac<\/td>\n<td width=\"96\">960 \u20ac<\/td>\n<td width=\"100\">40 \u20ac (1\u00a0000 \u20ac &#8211; 960 \u20ac)<\/td>\n<td width=\"64\">960 \u20ac<\/td>\n<td width=\"105\">620 \u20ac<br \/>\n(660\u201340 \u20ac)<\/td>\n<\/tr>\n<tr>\n<td width=\"54\"><strong>2026<\/strong><\/td>\n<td width=\"84\">50\u00a0000 \u20ac<\/td>\n<td width=\"102\">450 \u20ac<\/td>\n<td width=\"96\">340 \u20ac<\/td>\n<td width=\"100\">110 \u20ac (450 \u20ac &#8211; 340 \u20ac)<\/td>\n<td width=\"64\">340 \u20ac<\/td>\n<td width=\"105\">510 \u20ac<br \/>\n(620\u2013110 \u20ac)<\/td>\n<\/tr>\n<tr>\n<td width=\"54\"><strong>2027<\/strong><\/td>\n<td width=\"84\">260\u00a0000 \u20ac<\/td>\n<td width=\"102\">2 000 \u20ac<\/td>\n<td width=\"96\">1\u00a0920<\/td>\n<td width=\"100\">80 \u20ac (2\u00a0000 \u20ac &#8211; 1\u00a0920 \u20ac)<\/td>\n<td width=\"64\">1\u00a0920 \u20ac<\/td>\n<td width=\"105\">0 \u20ac<br \/>\n(430 \u20ac le nem vonhat\u00f3 r\u00e9sze)<\/td>\n<\/tr>\n<tr>\n<td width=\"54\"><strong>2028<\/strong><\/td>\n<td width=\"84\">200\u00a0000 \u20ac<\/td>\n<td width=\"102\">1 500 \u20ac<\/td>\n<td width=\"96\">960 \u20ac<\/td>\n<td width=\"100\">0 \u20ac<\/td>\n<td width=\"64\">1\u00a0500 \u20ac<\/td>\n<td width=\"105\">0 \u20ac<\/td>\n<\/tr>\n<\/tbody>\n<\/table>\n<p><em>Az ABC s.r.o.-nak 3 egym\u00e1st k\u00f6vet\u0151 ad\u00f3z\u00e1si id\u0151szak ut\u00e1n nem volt lehet\u0151s\u00e9ge a minim\u00e1lad\u00f3 \u00e9s az ad\u00f3k\u00f6telezetts\u00e9g k\u00f6z\u00f6tti pozit\u00edv k\u00fcl\u00f6nb\u00f6zet \u200b\u200bteljes besz\u00e1m\u00edt\u00e1s\u00e1ra 2024-t\u0151l.\u00a0430 eur\u00f3 (510 eur\u00f3 &#8211; 80 eur\u00f3) maradt , amit legk\u00e9s\u0151bb 2027 utols\u00f3 (harmadik) \u00e9vben sz\u00e1m\u00edthattak volna be.<\/em><\/p>\n<p>Ha a t\u00e1rgyid\u0151szakra\u00a0kifizetett ad\u00f3el\u0151legek\u00a0magasabbak, mint a t\u00e1rgyid\u0151szakra beny\u00fajtott ad\u00f3bevall\u00e1sban sz\u00e1m\u00edtott ad\u00f3, \u00e9s egyben ez az\u00a0ad\u00f3:<\/p>\n<ul>\n<li>a minim\u00e1lad\u00f3n\u00e1l magasabb,\u00a0a befizetett el\u0151legek \u00e9s a minim\u00e1lad\u00f3 levon\u00e1sa ut\u00e1ni ad\u00f3 pozit\u00edv k\u00fcl\u00f6nb\u00f6zete a\u00a0j\u00f6v\u0151beni el\u0151legekre ker\u00fcl felhaszn\u00e1l\u00e1sra,\u00a0vagy\u00a0az ad\u00f3z\u00f3 k\u00e9r\u00e9s\u00e9re visszautal\u00e1sra ker\u00fcl,<\/li>\n<li>a minim\u00e1lad\u00f3n\u00e1l alacsonyabb,\u00a0a befizetett el\u0151legek \u00e9s az ad\u00f3 minim\u00e1lis \u00f6sszege k\u00f6z\u00f6tti pozit\u00edv k\u00fcl\u00f6nb\u00f6zetet a\u00a0j\u00f6v\u0151beni el\u0151legekre alkalmazz\u00e1k, vagy\u00a0k\u00e9r\u00e9sre visszautalj\u00e1k az ad\u00f3z\u00f3nak, \u00e9s ezzel egyidej\u0171leg\u00a0a minim\u00e1lis ad\u00f3 \u00e9s az ad\u00f3 k\u00f6z\u00f6tti\u00a0pozit\u00edv k\u00fcl\u00f6nb\u00f6zetet\u00a0levonj\u00e1k.<\/li>\n<\/ul>\n<p><em>P\u00e9lda a minim\u00e1lis ad\u00f3 \u00e9s ad\u00f3k\u00f6telezetts\u00e9g kisz\u00e1m\u00edt\u00e1s\u00e1ra, ha a gazd\u00e1lkod\u00f3 egys\u00e9g k\u00f6teles j\u00f6vedelemad\u00f3-el\u0151leget fizetni<\/em><\/p>\n<p><em>Az XYZ a.s. t\u00e1rsas\u00e1got havi 200 eur\u00f3 \u00f6sszeg\u0171 j\u00f6vedelemad\u00f3-el\u0151leg fizet\u00e9s\u00e9re k\u00f6telezt\u00e9k.\u00a02024-ben \u00e9s 2025-ben az al\u00e1bbiakban le\u00edrt t\u00e9nyek t\u00f6rt\u00e9ntek:<\/em><\/p>\n<table>\n<tbody>\n<tr>\n<td width=\"86\"><strong>Ad\u00f3z\u00e1si id\u0151szak<\/strong><\/td>\n<td width=\"98\"><strong>Az ad\u00f3k\u00f6teles j\u00f6vedelem \u00f6sszege<\/strong><\/p>\n<p>&nbsp;<\/td>\n<td width=\"113\"><strong>Az ad\u00f3k\u00f6telezetts\u00e9g \u00f6sszege<\/strong><\/td>\n<td width=\"94\"><strong>Fizetett ad\u00f3el\u0151legek<\/strong><\/td>\n<td width=\"97\"><strong>Fizetend\u0151 ad\u00f3 \/ ad\u00f3t\u00falfizet\u00e9s<\/strong><\/td>\n<td width=\"117\"><strong>A fennmarad\u00f3 r\u00e9sze a minim\u00e1lis ad\u00f3 besz\u00e1m\u00edtand\u00f3<\/strong><\/p>\n<p>&nbsp;<\/td>\n<\/tr>\n<tr>\n<td width=\"86\"><strong>2024<\/strong><\/td>\n<td width=\"98\">30\u00a0000 \u20ac<\/td>\n<td width=\"113\">300 \u20ac<\/td>\n<td width=\"94\">2\u00a0400 \u20ac<br \/>\n(12 \u00d7 200 \u20ac)<\/td>\n<td width=\"97\">2060 \u20ac t\u00falfizet\u00e9s<br \/>\n(2400 \u20ac \u2013 340 \u20ac)<\/td>\n<td width=\"117\">40 \u20ac<\/td>\n<\/tr>\n<tr>\n<td width=\"86\"><strong>2025<\/strong><\/td>\n<td width=\"98\">60\u00a0000 \u20ac<\/td>\n<td width=\"113\">1\u00a0200 \u20ac<\/td>\n<td width=\"94\">0 \u20ac<\/td>\n<td width=\"97\">1160 \u20ac ad\u00f3<br \/>\n(1200 \u20ac \u2013 40 \u20ac)<\/td>\n<td width=\"117\">0 \u20ac<\/td>\n<\/tr>\n<\/tbody>\n<\/table>\n<p><em>Az XYZ as t\u00e1rsas\u00e1g 2024-ben az ad\u00f3fizet\u00e9si k\u00f6telezetts\u00e9g\u00e9n\u00e9l magasabb el\u0151leget fizetett (2400 eur\u00f3 &gt; 300 eur\u00f3), ugyanakkor az ad\u00f3ja alacsonyabb volt a minim\u00e1lad\u00f3n\u00e1l (300 eur\u00f3 &lt; 340 eur\u00f3).\u00a0A t\u00f6rv\u00e9ny \u00e9rtelm\u00e9ben a 2060 eur\u00f3 \u00f6sszeg\u0171 el\u0151legk\u00fcl\u00f6nb\u00f6zetet ig\u00e9nyl\u00e9s alapj\u00e1n visszautalja az XYZ-nek, mivel a k\u00f6vetkez\u0151 2025-\u00f6s \u00e9vben nem volt olyan el\u0151legfizet\u00e9si k\u00f6telezetts\u00e9ge, amellyel szemben megt\u00f6rt\u00e9nhetett volna ez a \u00a0besz\u00e1m\u00edt\u00e1s.\u00a0A 40 eur\u00f3s (340 eur\u00f3 &#8211; 300 eur\u00f3) \u00f6sszeg\u0171 pozit\u00edv k\u00fcl\u00f6nb\u00f6zetet 2025-ben teljes eg\u00e9sz\u00e9ben figyelembe veszik (besz\u00e1m\u00edtj\u00e1k<\/em><em>)<\/em><em>, mert 2025-re a minim\u00e1lis ad\u00f3\u00f6sszegnek legal\u00e1bb 960 eur\u00f3nak kell lennie.<\/em><\/p>\n<p>&nbsp;<\/p>\n<p><i>Forr\u00e1s:\u00a0<a href=\"https:\/\/www.podnikajte.sk\/dan-z-prijmov\/danova-licencia-minimalna-dan-pre-pravnicke-osoby-od-1-1-2024\" target=\"_blank\" rel=\"noopener\">Da\u0148ov\u00e1 licencia (minim\u00e1lna da\u0148) pre pr\u00e1vnick\u00e9 osoby od 1. 1. 2024<\/a>,\u00a0<span class=\"il\">Podnikajte<\/span>.<span class=\"il\">sk<\/span><\/i><\/p>\n<p>&nbsp;<\/p>\n","protected":false},"excerpt":{"rendered":"<p>janu\u00e1r 1-t\u0151l a jogi szem\u00e9lyeknek legal\u00e1bb a minim\u00e1lad\u00f3 m\u00e9rt\u00e9k\u00e9ben kell j\u00f6vedelemad\u00f3t fizetni\u00fck &#8211; kit nem \u00e9rint ez a k\u00f6telezetts\u00e9g, mekkora a minim\u00e1lis ad\u00f3 m\u00e9rt\u00e9ke \u00e9s milyen<span class=\"excerpt-hellip\"> [\u2026]<\/span><\/p>\n","protected":false},"author":2,"featured_media":594,"comment_status":"open","ping_status":"open","sticky":false,"template":"","format":"standard","meta":{"footnotes":""},"categories":[29],"tags":[],"class_list":["post-592","post","type-post","status-publish","format-standard","has-post-thumbnail","hentry","category-adozas"],"acf":[],"yoast_head":"<!-- This site is optimized with the Yoast SEO Premium plugin v15.2 - https:\/\/yoast.com\/wordpress\/plugins\/seo\/ -->\n<title>Ad\u00f3licencek (minim\u00e1lis ad\u00f3) jogi szem\u00e9lyek r\u00e9sz\u00e9re 2024. janu\u00e1r 1-t\u0151l - Ing. Ludov\u00edt Fiala - IFL<\/title>\n<meta name=\"robots\" content=\"index, follow, max-snippet:-1, max-image-preview:large, max-video-preview:-1\" \/>\n<link rel=\"canonical\" href=\"https:\/\/ifl.sk\/hu\/adolicencek-minimalis-ado-jogi-szemelyek-reszere-2024-januar-1-tol\" \/>\n<meta property=\"og:locale\" content=\"hu_HU\" \/>\n<meta property=\"og:type\" content=\"article\" \/>\n<meta property=\"og:title\" content=\"Ad\u00f3licencek (minim\u00e1lis ad\u00f3) jogi szem\u00e9lyek r\u00e9sz\u00e9re 2024. janu\u00e1r 1-t\u0151l - Ing. Ludov\u00edt Fiala - IFL\" \/>\n<meta property=\"og:description\" content=\"janu\u00e1r 1-t\u0151l a jogi szem\u00e9lyeknek legal\u00e1bb a minim\u00e1lad\u00f3 m\u00e9rt\u00e9k\u00e9ben kell j\u00f6vedelemad\u00f3t fizetni\u00fck &#8211; kit nem \u00e9rint ez a k\u00f6telezetts\u00e9g, mekkora a minim\u00e1lis ad\u00f3 m\u00e9rt\u00e9ke \u00e9s milyen [\u2026]\" \/>\n<meta property=\"og:url\" content=\"https:\/\/ifl.sk\/hu\/adolicencek-minimalis-ado-jogi-szemelyek-reszere-2024-januar-1-tol\" \/>\n<meta property=\"og:site_name\" content=\"Ing. Ludov\u00edt Fiala - IFL\" \/>\n<meta property=\"article:published_time\" content=\"2024-05-10T11:38:29+00:00\" \/>\n<meta property=\"article:modified_time\" content=\"2024-05-10T11:41:31+00:00\" \/>\n<meta property=\"og:image\" content=\"https:\/\/ifl.sk\/wp-content\/uploads\/2024\/05\/adolicencek-minimalis-ado-jogi-szemelyek-reszere-2024-januar-1-tol.jpg\" \/>\n\t<meta property=\"og:image:width\" content=\"1920\" \/>\n\t<meta property=\"og:image:height\" content=\"1280\" \/>\n<meta name=\"twitter:card\" content=\"summary_large_image\" \/>\n<meta name=\"twitter:label1\" value=\"Szerz\u0151:\">\n\t<meta name=\"twitter:data1\" value=\"Webmaster\">\n\t<meta name=\"twitter:label2\" value=\"Becs\u00fclt olvas\u00e1si id\u0151\">\n\t<meta name=\"twitter:data2\" value=\"11 perc\">\n<script type=\"application\/ld+json\" class=\"yoast-schema-graph\">{\"@context\":\"https:\/\/schema.org\",\"@graph\":[{\"@type\":\"WebSite\",\"@id\":\"https:\/\/ifl.sk\/#website\",\"url\":\"https:\/\/ifl.sk\/\",\"name\":\"Ing. Ludov\\u00edt Fiala - IFL\",\"description\":\"\\u00da\\u010dtovn\\u00edctvo a da\\u0148ov\\u00e9 poradenstvo\",\"potentialAction\":[{\"@type\":\"SearchAction\",\"target\":\"https:\/\/ifl.sk\/?s={search_term_string}\",\"query-input\":\"required name=search_term_string\"}],\"inLanguage\":\"hu\"},{\"@type\":\"ImageObject\",\"@id\":\"https:\/\/ifl.sk\/hu\/adolicencek-minimalis-ado-jogi-szemelyek-reszere-2024-januar-1-tol#primaryimage\",\"inLanguage\":\"hu\",\"url\":\"https:\/\/ifl.sk\/wp-content\/uploads\/2024\/05\/adolicencek-minimalis-ado-jogi-szemelyek-reszere-2024-januar-1-tol.jpg\",\"width\":1920,\"height\":1280},{\"@type\":\"WebPage\",\"@id\":\"https:\/\/ifl.sk\/hu\/adolicencek-minimalis-ado-jogi-szemelyek-reszere-2024-januar-1-tol#webpage\",\"url\":\"https:\/\/ifl.sk\/hu\/adolicencek-minimalis-ado-jogi-szemelyek-reszere-2024-januar-1-tol\",\"name\":\"Ad\\u00f3licencek (minim\\u00e1lis ad\\u00f3) jogi szem\\u00e9lyek r\\u00e9sz\\u00e9re 2024. janu\\u00e1r 1-t\\u0151l - Ing. Ludov\\u00edt Fiala - IFL\",\"isPartOf\":{\"@id\":\"https:\/\/ifl.sk\/#website\"},\"primaryImageOfPage\":{\"@id\":\"https:\/\/ifl.sk\/hu\/adolicencek-minimalis-ado-jogi-szemelyek-reszere-2024-januar-1-tol#primaryimage\"},\"datePublished\":\"2024-05-10T11:38:29+00:00\",\"dateModified\":\"2024-05-10T11:41:31+00:00\",\"author\":{\"@id\":\"https:\/\/ifl.sk\/#\/schema\/person\/65fdd36dbb51fc14daad28e78bca81d8\"},\"inLanguage\":\"hu\",\"potentialAction\":[{\"@type\":\"ReadAction\",\"target\":[\"https:\/\/ifl.sk\/hu\/adolicencek-minimalis-ado-jogi-szemelyek-reszere-2024-januar-1-tol\"]}]},{\"@type\":\"Person\",\"@id\":\"https:\/\/ifl.sk\/#\/schema\/person\/65fdd36dbb51fc14daad28e78bca81d8\",\"name\":\"Webmaster\",\"image\":{\"@type\":\"ImageObject\",\"@id\":\"https:\/\/ifl.sk\/#personlogo\",\"inLanguage\":\"hu\",\"url\":\"https:\/\/secure.gravatar.com\/avatar\/fa59eca08843b85c389150eefabacd4804ff4c76f167dee611a1cc2a88021a3d?s=96&d=mm&r=g\",\"caption\":\"Webmaster\"}},{\"@type\":\"Place\",\"@id\":\"https:\/\/ifl.sk\/hu\/adolicencek-minimalis-ado-jogi-szemelyek-reszere-2024-januar-1-tol#local-place\",\"address\":{\"@type\":\"PostalAddress\",\"@id\":\"https:\/\/ifl.sk\/hu\/adolicencek-minimalis-ado-jogi-szemelyek-reszere-2024-januar-1-tol#local-place-address\",\"streetAddress\":\"\",\"addressLocality\":\"\",\"postalCode\":\"\",\"addressRegion\":\"\",\"addressCountry\":\"\"},\"geo\":{\"@type\":\"GeoCoordinates\",\"latitude\":\"\",\"longitude\":\"\"},\"openingHoursSpecification\":[{\"@type\":\"OpeningHoursSpecification\",\"dayOfWeek\":[\"Monday\",\"Tuesday\",\"Wednesday\",\"Thursday\",\"Friday\",\"Saturday\",\"Sunday\"],\"opens\":\"09:00\",\"closes\":\"17:00\"}]}]}<\/script>\n<!-- \/ Yoast SEO Premium plugin. -->","_links":{"self":[{"href":"https:\/\/ifl.sk\/hu\/wp-json\/wp\/v2\/posts\/592","targetHints":{"allow":["GET"]}}],"collection":[{"href":"https:\/\/ifl.sk\/hu\/wp-json\/wp\/v2\/posts"}],"about":[{"href":"https:\/\/ifl.sk\/hu\/wp-json\/wp\/v2\/types\/post"}],"author":[{"embeddable":true,"href":"https:\/\/ifl.sk\/hu\/wp-json\/wp\/v2\/users\/2"}],"replies":[{"embeddable":true,"href":"https:\/\/ifl.sk\/hu\/wp-json\/wp\/v2\/comments?post=592"}],"version-history":[{"count":2,"href":"https:\/\/ifl.sk\/hu\/wp-json\/wp\/v2\/posts\/592\/revisions"}],"predecessor-version":[{"id":599,"href":"https:\/\/ifl.sk\/hu\/wp-json\/wp\/v2\/posts\/592\/revisions\/599"}],"wp:featuredmedia":[{"embeddable":true,"href":"https:\/\/ifl.sk\/hu\/wp-json\/wp\/v2\/media\/594"}],"wp:attachment":[{"href":"https:\/\/ifl.sk\/hu\/wp-json\/wp\/v2\/media?parent=592"}],"wp:term":[{"taxonomy":"category","embeddable":true,"href":"https:\/\/ifl.sk\/hu\/wp-json\/wp\/v2\/categories?post=592"},{"taxonomy":"post_tag","embeddable":true,"href":"https:\/\/ifl.sk\/hu\/wp-json\/wp\/v2\/tags?post=592"}],"curies":[{"name":"wp","href":"https:\/\/api.w.org\/{rel}","templated":true}]}}