{"id":608,"date":"2024-05-22T13:52:25","date_gmt":"2024-05-22T11:52:25","guid":{"rendered":"https:\/\/ifl.sk\/?p=608"},"modified":"2024-05-22T13:56:13","modified_gmt":"2024-05-22T11:56:13","slug":"leirasi-csoportok-vagyontargyak-besorolasa-2024-ben","status":"publish","type":"post","link":"https:\/\/ifl.sk\/hu\/leirasi-csoportok-vagyontargyak-besorolasa-2024-ben","title":{"rendered":"Le\u00edr\u00e1si csoportok \u2013 vagyont\u00e1rgyak besorol\u00e1sa 2024-ben"},"content":{"rendered":"<p>Az egy \u00e9vn\u00e9l hosszabb \u00e9lettartam\u00fa vagyont\u00e1rgyak sz\u00e1mviteli \u00e9s ad\u00f3z\u00e1si szempontb\u00f3l is \u00e1ltal\u00e1ban fokozatos \u00e9rt\u00e9kcs\u00f6kken\u00e9si le\u00edr\u00e1s(amortiz\u00e1ci\u00f3) al\u00e1 esnek. Egyes esetekben az vagyont\u00e1rgyak beszerz\u00e9si \u00e1r\u00e1t is fokozottan figyelembe kell venni az ad\u00f3le\u00edr\u00e1sok miatt. Az ad\u00f3alany a vagyont\u00e1rgyak fokozatos elhaszn\u00e1l\u00f3d\u00e1s\u00e1t \u00e9rt\u00e9kcs\u00f6kken\u00e9s form\u00e1j\u00e1ban veszi figyelembe. A sz\u00e1mviteli \u00e9s ad\u00f3amortiz\u00e1ci\u00f3ra nem ugyanaz a rendszer vonatkozik, mindkett\u0151nek megvannak a saj\u00e1t felt\u00e9telei \u00e9s saj\u00e1toss\u00e1gai.<\/p>\n<p>Az ad\u00f3le\u00edr\u00e1sokat az 595\/2003 sz\u00e1m\u00fa, a j\u00f6vedelemad\u00f3r\u00f3l sz\u00f3l\u00f3 t\u00f6rv\u00e9ny szab\u00e1lyozza. (a tov\u00e1bbiakban: Szja tv.). A Szja-t\u00f6rv\u00e9ny szerint megk\u00fcl\u00f6nb\u00f6ztet\u00fcnk\u00a0<u>t\u00e1rgyi eszk\u00f6z\u00f6ket\u00a0\u00e9s\u00a0\u00a0immateri\u00e1lis javakat\u00a0.<\/u> Ad\u00f3z\u00e1si c\u00e9l\u00fa \u00e9rt\u00e9kcs\u00f6kken\u00e9si le\u00edr\u00e1sra csak olyan vagyont\u00e1rgy eset\u00e9ben van lehet\u0151s\u00e9g, amelyet az ad\u00f3z\u00f3 a sz\u00e1mviteli nyilv\u00e1ntart\u00e1sban elsz\u00e1mol vagy az ad\u00f3nyilv\u00e1ntart\u00e1sban nyilv\u00e1ntart\u00e1sba vesz (Szja tv. 6. \u00a7 11. bekezd\u00e9s), \u00e9s ad\u00f3k\u00f6teles j\u00f6vedelem el\u00e9r\u00e9s\u00e9t szolg\u00e1lja. Az ad\u00f3le\u00edr\u00e1s cs\u00f6kkenti az ad\u00f3z\u00f3 ad\u00f3alapj\u00e1t, ill az ad\u00f3le\u00edr\u00e1s az ad\u00f3z\u00f3 ad\u00f3kiad\u00e1sa\/k\u00f6lts\u00e9ge.<\/p>\n<p>A vagyon meghat\u00e1roz\u00e1sa ad\u00f3z\u00e1si szempontb\u00f3l<\/p>\n<p><strong>A t\u00e1rgyi eszk\u00f6z\u00f6k<\/strong>\u00a0jelent\u00e9se\u00a0<strong>:<\/strong><\/p>\n<ul>\n<li>k\u00fcl\u00f6n\u00e1ll\u00f3 ing\u00f3 dolgok, vagy elk\u00fcl\u00f6n\u00fclt m\u0171szaki-gazdas\u00e1gi rendeltet\u00e9s\u0171 ing\u00f3 dolgok csoportja,\u00a0<strong>amelyek beszerz\u00e9si \u00e1ra meghaladja az 1700 eur\u00f3t,<\/strong>\u00a0\u00e9s\u00a0<strong>m\u0171k\u00f6d\u00e9si \u00e9s m\u0171szaki funkci\u00f3i egy \u00e9vn\u00e9l hosszabbak<\/strong>\u00a0,<\/li>\n<li>\u00e9p\u00fcletek \u00e9s egy\u00e9b \u00e9p\u00edtm\u00e9nyek (kiv\u00e9ve a m\u0171k\u00f6d\u0151 b\u00e1nyam\u0171veket \u00e9s az erd\u00e9szeti termel\u00e9st \u00e9s vad\u00e1szatot biztos\u00edt\u00f3 erd\u0151ter\u00fcleten l\u00e9v\u0151 kisebb \u00e9p\u00edtm\u00e9nyeket),<\/li>\n<li>h\u00e1rom \u00e9vn\u00e9l hosszabb term\u0151k\u00e9pess\u00e9g\u0171 n\u00f6v\u00e9ny\u00e1llom\u00e1ny,<\/li>\n<li>a j\u00f6vedelemad\u00f3-t\u00f6rv\u00e9ny szempontj\u00e1b\u00f3l tart\u00f3s vagyonnak min\u0151s\u00fcl\u0151 \u00e1llatok, mint p\u00e9ld\u00e1ul: \u00e9l\u0151 tejel\u0151 teh\u00e9n, \u00e9l\u0151 l\u00f3, \u00e9l\u0151 juh,<\/li>\n<li>a vagyont\u00e1rgyak m\u0171szaki fel\u00e9rt\u00e9kel\u00e9se,<\/li>\n<li>egy\u00e9b vagyont\u00e1rgyak, mint: m\u0171szaki rekultiv\u00e1ci\u00f3, \u00faj k\u0151b\u00e1ny\u00e1k, homokb\u00e1ny\u00e1k, agyagb\u00e1ny\u00e1k, hullad\u00e9klerak\u00f3k nyit\u00e1sa.<\/li>\n<\/ul>\n<p><strong>Az immateri\u00e1lis javak<\/strong>\u00a0olyan eszk\u00f6z\u00f6k, amelyek\u00a0<strong>beszerz\u00e9s \u00e1ra meghaladja a 2400 eur\u00f3t,<\/strong>\u00a0\u00e9s amelyek\u00a0<strong>haszn\u00e1lhat\u00f3s\u00e1ga<\/strong>\u00a0vagy m\u0171k\u00f6d\u00e9si-m\u0171szaki funkci\u00f3ja\u00a0<strong>egy \u00e9vn\u00e9l hosszabb.<\/strong>\u00a0Immateri\u00e1lis javaknak tekintend\u0151 minden, aminek nincs fizikai form\u00e1ja. Ez els\u0151sorban a tulajdonjogokra vagy a szellemi jogokra vonatkozik, mint p\u00e9ld\u00e1ul a szoftverekre, v\u00e9djegyekre, webhelyekre \u00e9s hasonl\u00f3kra.<\/p>\n<h2><u><br \/>\nA j\u00f6vedelemad\u00f3-t\u00f6rv\u00e9ny meghat\u00e1rozza\u00a0<\/u>azokat a vagyont\u00e1rgyakatt<u>\u00a0is , amelyek\u00a0egy \u00e9vn\u00e9l hosszabb hasznos \u00e9lettartama\u00a0<\/u>ellen\u00e9re\u00a0nem\u00a0\u00e9rt\u00e9kcs\u00f6kken\u00e9st<u>\u00a0sz\u00e1molnak el, mint p\u00e9ld\u00e1ul a f\u00f6ldter\u00fcletek, v\u00e9d\u0151g\u00e1tak, m\u0171alkot\u00e1sok, m\u00fazeumi vagy gal\u00e9riai \u00e9rt\u00e9k\u0171 t\u00e1rgyak. Enn\u00e9l a vagyont\u00e1rgyt\u00edpusn\u00e1l nem felt\u00e9telezhet\u0151, hogy id\u0151vel elhaszn\u00e1l\u00f3dik, ill elveszti az \u00e9rt\u00e9k\u00e9t, hanem \u00e9ppen ellenkez\u0151leg, a j\u00f6v\u0151ben fel\u00e9rt\u00e9kel\u0151dik \u00e9s n\u00f6veli \u00e9rt\u00e9k\u00e9t.<\/u><\/h2>\n<h2><\/h2>\n<h2>Az ad\u00f3le\u00edr\u00e1sok \u00e9s a le\u00edr\u00e1si csoportok<\/h2>\n<p>Az ad\u00f3le\u00edr\u00e1st az ad\u00f3id\u0151szak utols\u00f3 napj\u00e1n sz\u00e1m\u00edtjuk \u00e9s alkalmazzuk, azaz \u00e9vente sz\u00e1m\u00edtjuk ki, m\u00edg a le\u00edr\u00e1s m\u00f3dja lehet:<\/p>\n<ul>\n<li><strong>egyenletes<\/strong>\u00a0: az eszk\u00f6z beszerz\u00e9si \u00e1ra osztva az amortiz\u00e1ci\u00f3s \u00e9vek sz\u00e1m\u00e1val az \u00e9rt\u00e9kcs\u00f6kken\u00e9si csoportt\u00f3l f\u00fcgg\u0151en,<\/li>\n<li><strong>gyors\u00edtott<\/strong>\u00a0: az eszk\u00f6z beszerz\u00e9si \u00e1ra osztva a \u00a0gyors\u00edtott \u00e9rt\u00e9kcs\u00f6kken\u00e9si egy\u00fctthat\u00f3val, amelyet a Szja-t\u00f6rv\u00e9ny hat\u00e1roz meg (gyors\u00edtott \u00e9rt\u00e9kcs\u00f6kken\u00e9s csak a 2. vagy 3. \u00e9rt\u00e9kcs\u00f6kken\u00e9si csoportba tartoz\u00f3 eszk\u00f6z\u00f6k eset\u00e9ben lehets\u00e9ges).<\/li>\n<\/ul>\n<p>A vagyont\u00e1rgyak ad\u00f3z\u00e1si c\u00e9l\u00fa amortiz\u00e1ci\u00f3ja a haszn\u00e1latbav\u00e9tel \u00e9v\u00e9t\u0151l kezd\u0151dik, h\u00f3napok ar\u00e1ny\u00e1ban.<\/p>\n<p><strong>Az immateri\u00e1lis javak<\/strong>\u00a0nem tartoznak az \u00e9rt\u00e9kcs\u00f6kken\u00e9si le\u00edr\u00e1si csoportokba, hanem az ad\u00f3z\u00f3 maga hat\u00e1rozza meg az \u00e9ves \u00e9rt\u00e9kcs\u00f6kken\u00e9s m\u00e9rt\u00e9k\u00e9t a becs\u00fclt hasznos \u00e9lettartam alapj\u00e1n.<\/p>\n<p><strong>A t\u00e1rgyi eszk\u00f6z\u00f6k<\/strong>\u00a0az eszk\u00f6z t\u00edpus\u00e1t\u00f3l f\u00fcgg\u0151en az \u00e9rt\u00e9kcs\u00f6kken\u00e9si le\u00edr\u00e1s adott csoportj\u00e1ba ker\u00fclnek az eszk\u00f6z haszn\u00e1latba v\u00e9telekor. Minden \u00e9rt\u00e9kcs\u00f6kken\u00e9si le\u00edr\u00e1si csoportn\u00e1l meg van adva azon \u00e9vek pontos sz\u00e1ma, amelyek sor\u00e1n ezt az eszk\u00f6zt le\u00edrj\u00e1k.<\/p>\n<p><strong>A t\u00e1rgyi eszk\u00f6z\u00f6k besorol\u00e1s\u00e1hoz sz\u00fcks\u00e9ges \u00e9rt\u00e9kcs\u00f6kken\u00e9si le\u00edr\u00e1si csoportok t\u00e1bl\u00e1zata<\/strong><\/p>\n<table>\n<tbody>\n<tr>\n<td width=\"302\"><strong>\u00c9rt\u00e9kcs\u00f6kken\u00e9si csoport<\/strong><\/td>\n<td width=\"302\"><strong>Amortiz\u00e1ci\u00f3s \u00e9vek sz\u00e1ma<\/strong><\/td>\n<\/tr>\n<tr>\n<td width=\"302\"><strong>0.\u00a0\u00a0\u00a0\u00a0 <\/strong><strong>\u00e9rt\u00e9kcs\u00f6kken\u00e9si <\/strong><strong>(<\/strong><strong>le\u00edr\u00e1si) csoport<\/strong><\/td>\n<td width=\"302\">2 \u00e9v<\/td>\n<\/tr>\n<tr>\n<td width=\"302\"><strong>1.\u00a0\u00a0\u00a0\u00a0 <\/strong><strong>\u00e9rt\u00e9kcs\u00f6kken\u00e9si csoport<\/strong><\/td>\n<td width=\"302\">4 \u00e9v<\/td>\n<\/tr>\n<tr>\n<td width=\"302\"><strong>2.\u00a0\u00a0\u00a0\u00a0 <\/strong><strong>\u00e9rt\u00e9kcs\u00f6kken\u00e9si csoport<\/strong><\/td>\n<td width=\"302\">6 \u00e9v<\/td>\n<\/tr>\n<tr>\n<td width=\"302\"><strong>3.\u00a0\u00a0\u00a0\u00a0 <\/strong><strong>\u00e9rt\u00e9kcs\u00f6kken\u00e9si\u00a0 csoport<\/strong><\/td>\n<td width=\"302\">8 \u00e9v<\/td>\n<\/tr>\n<tr>\n<td width=\"302\"><strong>4.\u00a0\u00a0\u00a0\u00a0 <\/strong><strong>\u00e9rt\u00e9kcs\u00f6kken\u00e9si csoport<\/strong><\/td>\n<td width=\"302\">12 \u00e9v<\/td>\n<\/tr>\n<tr>\n<td width=\"302\"><strong>5.\u00a0\u00a0\u00a0\u00a0 <\/strong><strong>\u00e9rt\u00e9kcs\u00f6kken\u00e9si csoport<\/strong><\/td>\n<td width=\"302\">20 \u00e9v<\/td>\n<\/tr>\n<tr>\n<td width=\"302\"><strong>6.\u00a0\u00a0\u00a0\u00a0 <\/strong><strong>\u00e9rt\u00e9kcs\u00f6kken\u00e9si csoport<\/strong><\/td>\n<td width=\"302\">40 \u00e9v<\/td>\n<\/tr>\n<\/tbody>\n<\/table>\n<p>&nbsp;<\/p>\n<p>Abban az esetben, ha az ad\u00f3z\u00f3 vagyont\u00e1rgya az Szja tv. 1. sz\u00e1m\u00fa mell\u00e9klete alapj\u00e1n nem sorolhat\u00f3 be semmilyen \u00e9rt\u00e9kcs\u00f6kken\u00e9si le\u00edr\u00e1si csoportba, az ad\u00f3z\u00f3 azt a 2. \u00e9rt\u00e9kcs\u00f6kken\u00e9si csoportba sorolhatja be \u00e9s 6 \u00e9v alatt amortiz\u00e1lja.<\/p>\n<ol>\n<li><strong> \u00e9rt\u00e9kcs\u00f6kken\u00e9si <\/strong><strong>(<\/strong><strong>le\u00edr\u00e1si) csoport<\/strong><\/li>\n<\/ol>\n<p>Csak olyan szem\u00e9lyg\u00e9pkocsik sorolhat\u00f3k ebbe az \u00e9rt\u00e9kcs\u00f6kken\u00e9si csoportba, amelyek a forgalmi enged\u00e9ly II. r\u00e9sz\u00e9nek &#8222;18 P.3 \u00dczemanyag t\u00edpusa\/energiaforr\u00e1s&#8221; rovat\u00e1ban a k\u00f6vetkez\u0151 szerepel:<\/p>\n<ul>\n<li>&#8222;BEV&#8221; ill<\/li>\n<li>&#8222;PHEV&#8221; b\u00e1rmilyen kombin\u00e1ci\u00f3ban b\u00e1rmilyen m\u00e1s t\u00edpus\u00fa \u00fczemanyaggal vagy energi\u00e1val.<\/li>\n<\/ul>\n<p>Ez\u00e9rt a 0. \u00e9rt\u00e9kcs\u00f6kken\u00e9si csoportba csak elektromos aut\u00f3k \u00e9s hibrid aut\u00f3k ker\u00fclhetnek, ezeket 2 \u00e9v alatt egyenletesen amortiz\u00e1ljuk. R\u00e9szletesebb inform\u00e1ci\u00f3kat az\u00a0<a href=\"https:\/\/www.podnikajte.sk\/odpisy\/odpisovanie-elektromobilov-a-elektrobicyklov\">elektromos aut\u00f3k \u00e9s elektromos ker\u00e9kp\u00e1rok \u00e9rt\u00e9kcs\u00f6kken\u00e9se<\/a>\u00a0c\u00edm\u0171 cikkben tal\u00e1lhat\u00a0.<\/p>\n<ol>\n<li><strong> \u00e9rt\u00e9kcs\u00f6kken\u00e9si csoport<\/strong><\/li>\n<\/ol>\n<p>A gyakorlatban leggyakrabban olyan vagyont\u00e1rggyal lehet tal\u00e1lkozni, amely az 1. \u00e9rt\u00e9kcs\u00f6kken\u00e9si csoportba tartozik, mivel f\u0151k\u00e9nt ide k\u00f6vetkez\u0151k tartoznak:<\/p>\n<ul>\n<li>sz\u00e1m\u00edt\u00f3g\u00e9pek,<\/li>\n<li>kommunik\u00e1ci\u00f3s eszk\u00f6z\u00f6k,<\/li>\n<li>a fogyaszt\u00f3i elektronika,<\/li>\n<li>szem\u00e9lyg\u00e9pkocsik (kiv\u00e9ve a 0. \u00e9rt\u00e9kcs\u00f6kken\u00e9si csoportba tartoz\u00f3 g\u00e9pkocsikat),<\/li>\n<li>tehersz\u00e1ll\u00edt\u00e1sra szolg\u00e1l\u00f3 g\u00e9pj\u00e1rm\u0171vek,<\/li>\n<li>t\u00edz vagy t\u00f6bb szem\u00e9ly sz\u00e1ll\u00edt\u00e1s\u00e1ra szolg\u00e1l\u00f3 g\u00e9pj\u00e1rm\u0171vek (kiv\u00e9ve a trolibuszok \u00e9s az elektromos buszok),<\/li>\n<li>irodai g\u00e9pek \u00e9s berendez\u00e9sek,<\/li>\n<li>k\u00e9zi szersz\u00e1mok.<\/li>\n<li>\u00e9l\u0151 tejel\u0151 teh\u00e9n, juh, kecske, liba, sert\u00e9s \u00e9s hasonl\u00f3k.<\/li>\n<\/ul>\n<ol start=\"2\">\n<li><strong> \u00e9rt\u00e9kcs\u00f6kken\u00e9si csoport<\/strong><\/li>\n<\/ol>\n<p>A 2. \u00e9rt\u00e9kcs\u00f6kken\u00e9si csoportba tartoz\u00f3 eszk\u00f6z\u00f6ket hat \u00e9v alatt \u00edrj\u00e1k le (gyors\u00edtott \u00e9rt\u00e9kcs\u00f6kken\u00e9s is lehets\u00e9ges). Ilyenek p\u00e9ld\u00e1ul:<\/p>\n<ul>\n<li>f\u00e1b\u00f3l k\u00e9sz\u00fclt el\u0151regy\u00e1rtott \u00e9p\u00fcletek, ha nem k\u00fcl\u00f6n\u00e1ll\u00f3 \u00e9p\u00edt\u00e9si objektumok,<\/li>\n<li>m\u0171anyagb\u00f3l el\u0151re gy\u00e1rtott \u00e9p\u00fcletek, ha nem k\u00fcl\u00f6n\u00e1ll\u00f3 \u00e9p\u00edt\u00e9si objektumok,<\/li>\n<li>k\u00f6zponti f\u0171t\u00e9s radi\u00e1torjai \u00e9s kaz\u00e1njai,<\/li>\n<li>szersz\u00e1mok \u00e9s vas\u00e1ru,<\/li>\n<li>egy\u00e9b k\u00e9sz f\u00e9mterm\u00e9kek,<\/li>\n<li>\u00f3r\u00e1k<\/li>\n<li>sug\u00e1rz\u00e1sra (gy\u00f3gy\u00edt\u00e1s c\u00e9lj\u00e1b\u00f3l) alkalmas eszk\u00f6z\u00f6k, orvosi elektromos \u00e9s elektroter\u00e1pi\u00e1s eszk\u00f6z\u00f6k,<\/li>\n<li>vezet\u00e9kek \u00e9s villanyszerel\u00e9si berendez\u00e9sek,<\/li>\n<li>elemek \u00e9s akkumul\u00e1torok,<\/li>\n<li>elektromos l\u00e1mp\u00e1k,<\/li>\n<li>h\u00e1ztart\u00e1si g\u00e9pek,<\/li>\n<li>egy\u00e9b elektromos berendez\u00e9sek,<\/li>\n<li>emel\u0151 \u00e9s sz\u00e1ll\u00edt\u00f3 berendez\u00e9sek,<\/li>\n<li>h\u0171t\u0151- \u00e9s fagyaszt\u00f3berendez\u00e9sek,<\/li>\n<li>f\u00e9mform\u00e1z\u00f3 \u00e9s megmunk\u00e1l\u00f3 g\u00e9pek,<\/li>\n<li>trolibuszok \u00e9s aut\u00f3buszok,<\/li>\n<li>motorker\u00e9kp\u00e1rok \u00e9s p\u00f3tkocsik,<\/li>\n<li>b\u00fator,<\/li>\n<li>hangszerek,<\/li>\n<li>sportterm\u00e9kek,<\/li>\n<li>orvosi \u00e9s fog\u00e1szati \u200b\u200bm\u0171szerek \u00e9s kell\u00e9kek.<\/li>\n<\/ul>\n<p>3. \u00e9rt\u00e9kcs\u00f6kken\u00e9si csoport<\/p>\n<p>Nyolc \u00e9v alatt \u00edr\u00f3dnak le a 3. \u00e9rt\u00e9kcs\u00f6kken\u00e9si csoportba tartoz\u00f3 vagyont\u00e1rgyak. Ebbe a csoportba f\u0151leg ipari jelleg\u0171 vagyont\u00e1rgyak tartoznak, mint pl.<\/p>\n<ul>\n<li>elektromos motorok, gener\u00e1torok \u00e9s transzform\u00e1torok, valamint elektromos eloszt\u00f3- \u00e9s vez\u00e9rl\u0151berendez\u00e9sek,<\/li>\n<li>bels\u0151\u00e9g\u00e9s\u0171 haj\u00f3motorok, egy\u00e9b motorok,<\/li>\n<li>egy\u00e9b bels\u0151 \u00e9g\u00e9s\u0171 dugatty\u00fas d\u00edzelmotorok,<\/li>\n<li>turbin\u00e1k,<\/li>\n<li>kemenc\u00e9k, \u00e9g\u0151fejek \u00e9s alkatr\u00e9szeik,<\/li>\n<li>h\u0171t\u0151- \u00e9s szell\u0151ztet\u0151 berendez\u00e9sek, kiv\u00e9ve a h\u00e1ztart\u00e1si berendez\u00e9seket,<\/li>\n<li>g\u00e1zgener\u00e1torok, desztill\u00e1ci\u00f3s \u00e9s sz\u0171r\u0151berendez\u00e9sek,<\/li>\n<li>koh\u00e1szati \u200b\u200bg\u00e9pek.<\/li>\n<\/ul>\n<ol start=\"4\">\n<li><strong> \u00e9rt\u00e9kcs\u00f6kken\u00e9si csoport<\/strong><\/li>\n<\/ol>\n<p>A 4. \u00e9rt\u00e9kcs\u00f6kken\u00e9si le\u00edr\u00e1si csoportba tartoz\u00f3 eszk\u00f6z\u00f6ket tizenk\u00e9t \u00e9v alatt \u00edrj\u00e1k le. Ez a csoport k\u00fcl\u00f6n\u00f6sen a k\u00f6vetkez\u0151ket tartalmazza:<\/p>\n<ul>\n<li>el\u0151regy\u00e1rtott beton\u00e9p\u00fcletek, ha nem k\u00f6zm\u0171h\u00e1l\u00f3zathoz kapcsol\u00f3d\u00f3 k\u00fcl\u00f6n\u00e1ll\u00f3 \u00e9p\u00edt\u00e9si objektumok,<\/li>\n<li>el\u0151regy\u00e1rtott f\u00e9m\u00e9p\u00fcletek, ha nem k\u00fcl\u00f6n\u00e1ll\u00f3, k\u00f6zm\u0171h\u00e1l\u00f3zathoz kapcsol\u00f3d\u00f3 \u00e9p\u00edt\u00e9si objektumok,<\/li>\n<li>egy\u00e9b f\u00e9mtart\u00e1lyok, tart\u00e1lyok \u00e9s f\u00e9mkont\u00e9nerek,<\/li>\n<li>g\u0151zkaz\u00e1nok, kiv\u00e9ve a k\u00f6zponti v\u00edzmeleg\u00edt\u0151 kaz\u00e1nokat,<\/li>\n<li>fegyverek \u00e9s l\u0151szerek,<\/li>\n<li>kardok, szuronyok, l\u00e1ndzs\u00e1k \u00e9s hasonl\u00f3 fegyverek \u00e9s ezek alkatr\u00e9szei,<\/li>\n<li>egy\u00e9b nem nemesf\u00e9m term\u00e9kek,<\/li>\n<li>haj\u00f3k,<\/li>\n<li>szabadid\u0151s \u00e9s sportcs\u00f3nakok,<\/li>\n<li>vas\u00fati mozdonyok \u00e9s j\u00e1rm\u0171park,<\/li>\n<li>rep\u00fcl\u0151g\u00e9pek \u00e9s \u0171rhaj\u00f3k \u00e9s hasonl\u00f3 berendez\u00e9sek,<\/li>\n<li>katonai harcj\u00e1rm\u0171vek,<\/li>\n<li>t\u00e1vols\u00e1gi t\u00e1vk\u00f6zl\u00e9si h\u00e1l\u00f3zatok \u00e9s vonalak.<\/li>\n<\/ul>\n<ol start=\"5\">\n<li><strong> \u00e9rt\u00e9kcs\u00f6kken\u00e9si csoport<\/strong><\/li>\n<\/ol>\n<p>Valamennyi \u00e9p\u00fcletre h\u00fasz \u00e9ves \u00e9rt\u00e9kcs\u00f6kken\u00e9si le\u00edr\u00e1s vonatkozik, kiv\u00e9ve a 6. \u00e9rt\u00e9kcs\u00f6kken\u00e9si le\u00edr\u00e1si csoportba tartoz\u00f3 \u00e9p\u00fcleteket \u00e9s a g\u00e9p\u00e9szeti \u00e9p\u00edtm\u00e9nyeket. \u00a0A gyakorlatban leggyakrabban a kereskedelmi vagy ipari c\u00e9l\u00fa \u00e9p\u00fcletek tartoznak ebbe a csoportba.<\/p>\n<ol start=\"6\">\n<li><strong> \u00e9rt\u00e9kcs\u00f6kken\u00e9si csoport<\/strong><\/li>\n<\/ol>\n<p>Az utols\u00f3 \u00e9rt\u00e9kcs\u00f6kken\u00e9si csoport a 6. \u00e9rt\u00e9kcs\u00f6kken\u00e9si le\u00edr\u00e1si csoport, amelybe az \u00e9p\u00fcletek \u00f6s \u00e9p\u00edtm\u00e9nyek vannak besorolva 40 \u00e9ves amortiz\u00e1ci\u00f3s id\u0151tartammal. Ide tartoznak: lak\u00f3\u00e9p\u00fcletek, sz\u00e1llod\u00e1k \u00e9s hasonl\u00f3 \u00e9p\u00fcletek, adminisztrat\u00edv \u00e9p\u00fcletek, kultur\u00e1lis \u00e9s nyilv\u00e1nos sz\u00f3rakoztat\u00e1si, oktat\u00e1si \u00e9s eg\u00e9szs\u00e9g\u00fcgyi \u00e9p\u00fcletek, egy\u00e9b nem lak\u00e1sc\u00e9l\u00fa \u00e9p\u00fcletek \u00e9s egy\u00e9b m\u0171szaki \u00e9p\u00edtm\u00e9nyek.<\/p>\n<p>Egy \u00e9p\u00fclet t\u00f6bbc\u00e9l\u00fa felhaszn\u00e1l\u00e1sa eset\u00e9n az \u00f6sszes hasznos ter\u00fcletb\u0151l meghat\u00e1rozott f\u0151haszn\u00e1lata a meghat\u00e1roz\u00f3 az \u00e9p\u00fclet \u00e9rt\u00e9kcs\u00f6kken\u00e9si le\u00edr\u00e1si csoportba val\u00f3 felv\u00e9tel\u00e9hez. Az ing\u00f3s\u00e1gok csoportja eset\u00e9ben a f\u0151 funkcion\u00e1lis egys\u00e9g szerinti \u00e9rt\u00e9kcs\u00f6kken\u00e9si csoportba tartoz\u00e1s a m\u00e9rvad\u00f3.<\/p>\n<p>Az egyes \u00e9rt\u00e9kcs\u00f6kken\u00e9si le\u00edr\u00e1si csoportokhoz p\u00e9ld\u00e1kat adtunk az ezekben szerepl\u0151 eszk\u00f6z\u00f6kre. Hogy mely le\u00edr\u00e1si csoportba tartozik egy konkr\u00e9t vagyont\u00e1rgy, azt az Szja tv. 1.sz\u00e1m\u00fa mell\u00e9klete hat\u00e1rozza meg.<\/p>\n<p>Abban az esetben, ha az ad\u00f3z\u00f3\u00a0az Szja t\u00f6rv\u00e9ny \u00a02. \u00a7-a, w ) pont szerinti\u00a0<strong>mikroad\u00f3z\u00f3i felt\u00e9teleket teljes\u00edti\u00a0 a 0-4 \u00e9rt\u00e9kcs\u00f6kken\u00e9si csoportba tartoz\u00f3 t\u00e1rgyi eszk\u00f6z\u00f6k beker\u00fcl\u00e9si \u00e1r\u00e1ig\u00a0tetsz\u0151leges \u00f6sszeg\u0171 ad\u00f3amortiz\u00e1ci\u00f3t \u00e9rv\u00e9nyes\u00edt<\/strong>het\u00a0(kiv\u00e9ve a 48 000 eur\u00f3s \u00e9s azt meghalad\u00f3 beszerz\u00e9si \u00e1r\u00fa luxusaut\u00f3kat).<\/p>\n<p><strong>Hossz\u00fa lej\u00e1rat\u00fa eszk\u00f6z\u00f6k sz\u00e1mviteli szempontb\u00f3l<\/strong><\/p>\n<p>Sz\u00e1mviteli szempontb\u00f3l az eszk\u00f6z\u00f6ket a k\u00f6vetkez\u0151kre osztjuk:<\/p>\n<ul>\n<li>Immateri\u00e1lis javak<\/li>\n<li>hossz\u00fat\u00e1v\u00fa t\u00e1rgyi eszk\u00f6z\u00f6k,<\/li>\n<li>hossz\u00falej\u00e1rat\u00fa p\u00e9nz\u00fcgyi eszk\u00f6z\u00f6k,<\/li>\n<li>hossz\u00falej\u00e1rat\u00fa k\u00f6vetel\u00e9sek.<\/li>\n<\/ul>\n<p>A vagyonfeloszt\u00e1s krit\u00e9riumai szinte megegyeznek a Szja-t\u00f6rv\u00e9ny szempontjaival, de a sz\u00e1mvitelben a p\u00e9nz\u00fcgyi eszk\u00f6z\u00f6k \u00e9s k\u00f6vetel\u00e9sek eset\u00e9ben a feloszt\u00e1s nagyobb.<\/p>\n<p>Olyan vagyont\u00e1rgyak eset\u00e9ben, ha az eszk\u00f6z \u00e9rt\u00e9ke nem haladja meg az 1700 eur\u00f3t, ill. megegyezik ezzel az \u00f6sszeggel, akkor a hossz\u00fa lej\u00e1rat\u00fa t\u00e1rgyi eszk\u00f6z\u00f6k k\u00f6z\u00f6tt szerepelhet, ha a hasznos \u00e9lettartam egy \u00e9vn\u00e9l hosszabb.<\/p>\n<p><strong>Tart\u00f3s eszk\u00f6z\u00f6k sz\u00e1mviteli \u00e9rt\u00e9kcs\u00f6kken\u00e9se<\/strong><\/p>\n<p>A k\u00f6nyvviteli t\u00f6rv\u00e9ny 28. \u00a7-a alapj\u00e1n\u00a0 a sz\u00e1mvitel sor\u00e1n a sz\u00e1mviteli egys\u00e9g a t\u00e1rgyi eszk\u00f6z\u00f6ket amortiz\u00e1lja, \u00a0a k\u00e9szletek kiv\u00e9tel\u00e9vel, az immateri\u00e1lis javakat a k\u00f6vetel\u00e9sek kiv\u00e9tel\u00e9vel a sz\u00e1mviteli elvek \u00e9s sz\u00e1mviteli m\u00f3dszerek szerint. A t\u00e1rgyi eszk\u00f6z\u00f6ket a k\u00e9szletek kiv\u00e9tel\u00e9vel \u00e9s az immateri\u00e1lis javakat a k\u00f6vetel\u00e9sek kiv\u00e9tel\u00e9vel a sz\u00e1mviteli egys\u00e9g a becs\u00fclt haszn\u00e1lati id\u0151tartam alatt \u00edrja le, amely megfelel az eszk\u00f6zb\u0151l sz\u00e1rmaz\u00f3 j\u00f6v\u0151beni gazdas\u00e1gi hasznok felhaszn\u00e1l\u00e1s\u00e1nak id\u0151tartam\u00e1val. Ez azt jelenti, hogy\u00a0<strong>az eszk\u00f6zle\u00edr\u00e1shoz sz\u00e1mviteli szempontb\u00f3l az eszk\u00f6z\u00f6ket nem amortiz\u00e1ci\u00f3s csoportokba soroljuk, hanem az \u00e9rt\u00e9kcs\u00f6kken\u00e9s id\u0151tartam\u00e1t maga a sz\u00e1mviteli egys\u00e9g hat\u00e1rozza meg<\/strong>\u00a0, a val\u00f3s ill. becs\u00fclt \u00e9rt\u00e9kcs\u00f6kken\u00e9si id\u0151szak szerint.<\/p>\n<p>A f\u00f6ldter\u00fcletek, nemesf\u00e9m t\u00e1rgyak \u00e9s egy\u00e9b, k\u00fcl\u00f6n el\u0151\u00edr\u00e1sokban meghat\u00e1rozott vagyont\u00e1rgyak eset\u00e9ben \u00e9rt\u00e9kcs\u00f6kken\u00e9st nem sz\u00e1molnak el.<\/p>\n<p>Az ad\u00f3alany a sz\u00e1mviteli \u00e9rt\u00e9kcs\u00f6kken\u00e9st havonta sz\u00e1molja el, ellent\u00e9tben az ad\u00f3amortiz\u00e1ci\u00f3val, ahol az ad\u00f3amortiz\u00e1ci\u00f3t \u00e9vente egyszer, az ad\u00f3id\u0151szak v\u00e9g\u00e9n sz\u00e1molja el.<\/p>\n<p><strong>Az alkalmazott sz\u00e1mviteli \u00e9rt\u00e9kcs\u00f6kken\u00e9s \u00e9s ad\u00f3amortiz\u00e1ci\u00f3 k\u00fcl\u00f6nbs\u00e9g\u00e9t az ad\u00f3z\u00f3 az ad\u00f3bevall\u00e1sban\u00a0 veszi figyelembe.<\/strong><\/p>\n<p><em>Forr\u00e1s: <a href=\"https:\/\/www.podnikajte.sk\/odpisy\/odpisove-skupiny-majetok-2024\" target=\"_blank\" rel=\"noopener\">Odpisov\u00e9 skupiny \u2013 zaradenie majetku v roku 2024<\/a>, Podnikajte.sk<\/em><\/p>\n","protected":false},"excerpt":{"rendered":"<p>Az egy \u00e9vn\u00e9l hosszabb \u00e9lettartam\u00fa vagyont\u00e1rgyak sz\u00e1mviteli \u00e9s ad\u00f3z\u00e1si szempontb\u00f3l is \u00e1ltal\u00e1ban fokozatos \u00e9rt\u00e9kcs\u00f6kken\u00e9si le\u00edr\u00e1s(amortiz\u00e1ci\u00f3) al\u00e1 esnek. Egyes esetekben az vagyont\u00e1rgyak beszerz\u00e9si \u00e1r\u00e1t is fokozottan figyelembe<span class=\"excerpt-hellip\"> [\u2026]<\/span><\/p>\n","protected":false},"author":2,"featured_media":610,"comment_status":"open","ping_status":"open","sticky":false,"template":"","format":"standard","meta":{"footnotes":""},"categories":[8],"tags":[],"class_list":["post-608","post","type-post","status-publish","format-standard","has-post-thumbnail","hentry","category-uncategorized-hu"],"acf":[],"yoast_head":"<!-- This site is optimized with the Yoast SEO Premium plugin v15.2 - https:\/\/yoast.com\/wordpress\/plugins\/seo\/ -->\n<title>Le\u00edr\u00e1si csoportok \u2013 vagyont\u00e1rgyak besorol\u00e1sa 2024-ben - Ing. Ludov\u00edt Fiala - IFL<\/title>\n<meta name=\"robots\" content=\"index, follow, max-snippet:-1, max-image-preview:large, max-video-preview:-1\" \/>\n<link rel=\"canonical\" href=\"https:\/\/www.podnikajte.sk\/odpisy\/odpisove-skupiny-majetok-2024\" \/>\n<meta property=\"og:locale\" content=\"hu_HU\" \/>\n<meta property=\"og:type\" content=\"article\" \/>\n<meta property=\"og:title\" content=\"Le\u00edr\u00e1si csoportok \u2013 vagyont\u00e1rgyak besorol\u00e1sa 2024-ben - Ing. Ludov\u00edt Fiala - IFL\" \/>\n<meta property=\"og:description\" content=\"Az egy \u00e9vn\u00e9l hosszabb \u00e9lettartam\u00fa vagyont\u00e1rgyak sz\u00e1mviteli \u00e9s ad\u00f3z\u00e1si szempontb\u00f3l is \u00e1ltal\u00e1ban fokozatos \u00e9rt\u00e9kcs\u00f6kken\u00e9si le\u00edr\u00e1s(amortiz\u00e1ci\u00f3) al\u00e1 esnek. Egyes esetekben az vagyont\u00e1rgyak beszerz\u00e9si \u00e1r\u00e1t is fokozottan figyelembe [\u2026]\" \/>\n<meta property=\"og:url\" content=\"https:\/\/www.podnikajte.sk\/odpisy\/odpisove-skupiny-majetok-2024\" \/>\n<meta property=\"og:site_name\" content=\"Ing. Ludov\u00edt Fiala - IFL\" \/>\n<meta property=\"article:published_time\" content=\"2024-05-22T11:52:25+00:00\" \/>\n<meta property=\"article:modified_time\" content=\"2024-05-22T11:56:13+00:00\" \/>\n<meta property=\"og:image\" content=\"https:\/\/ifl.sk\/wp-content\/uploads\/2024\/05\/leirasi-csoportok-scaled.jpg\" \/>\n\t<meta property=\"og:image:width\" content=\"2560\" \/>\n\t<meta property=\"og:image:height\" content=\"1707\" \/>\n<meta name=\"twitter:card\" content=\"summary_large_image\" \/>\n<meta name=\"twitter:label1\" value=\"Szerz\u0151:\">\n\t<meta name=\"twitter:data1\" value=\"Webmaster\">\n\t<meta name=\"twitter:label2\" value=\"Becs\u00fclt olvas\u00e1si id\u0151\">\n\t<meta name=\"twitter:data2\" value=\"9 perc\">\n<script type=\"application\/ld+json\" class=\"yoast-schema-graph\">{\"@context\":\"https:\/\/schema.org\",\"@graph\":[{\"@type\":\"WebSite\",\"@id\":\"https:\/\/ifl.sk\/#website\",\"url\":\"https:\/\/ifl.sk\/\",\"name\":\"Ing. Ludov\\u00edt Fiala - IFL\",\"description\":\"\\u00da\\u010dtovn\\u00edctvo a da\\u0148ov\\u00e9 poradenstvo\",\"potentialAction\":[{\"@type\":\"SearchAction\",\"target\":\"https:\/\/ifl.sk\/?s={search_term_string}\",\"query-input\":\"required name=search_term_string\"}],\"inLanguage\":\"hu\"},{\"@type\":\"ImageObject\",\"@id\":\"https:\/\/www.podnikajte.sk\/odpisy\/odpisove-skupiny-majetok-2024#primaryimage\",\"inLanguage\":\"hu\",\"url\":\"https:\/\/ifl.sk\/wp-content\/uploads\/2024\/05\/leirasi-csoportok-scaled.jpg\",\"width\":2560,\"height\":1707},{\"@type\":\"WebPage\",\"@id\":\"https:\/\/www.podnikajte.sk\/odpisy\/odpisove-skupiny-majetok-2024#webpage\",\"url\":\"https:\/\/www.podnikajte.sk\/odpisy\/odpisove-skupiny-majetok-2024\",\"name\":\"Le\\u00edr\\u00e1si csoportok \\u2013 vagyont\\u00e1rgyak besorol\\u00e1sa 2024-ben - Ing. Ludov\\u00edt Fiala - IFL\",\"isPartOf\":{\"@id\":\"https:\/\/ifl.sk\/#website\"},\"primaryImageOfPage\":{\"@id\":\"https:\/\/www.podnikajte.sk\/odpisy\/odpisove-skupiny-majetok-2024#primaryimage\"},\"datePublished\":\"2024-05-22T11:52:25+00:00\",\"dateModified\":\"2024-05-22T11:56:13+00:00\",\"author\":{\"@id\":\"https:\/\/ifl.sk\/#\/schema\/person\/65fdd36dbb51fc14daad28e78bca81d8\"},\"inLanguage\":\"hu\",\"potentialAction\":[{\"@type\":\"ReadAction\",\"target\":[\"https:\/\/www.podnikajte.sk\/odpisy\/odpisove-skupiny-majetok-2024\"]}]},{\"@type\":\"Person\",\"@id\":\"https:\/\/ifl.sk\/#\/schema\/person\/65fdd36dbb51fc14daad28e78bca81d8\",\"name\":\"Webmaster\",\"image\":{\"@type\":\"ImageObject\",\"@id\":\"https:\/\/ifl.sk\/#personlogo\",\"inLanguage\":\"hu\",\"url\":\"https:\/\/secure.gravatar.com\/avatar\/fa59eca08843b85c389150eefabacd4804ff4c76f167dee611a1cc2a88021a3d?s=96&d=mm&r=g\",\"caption\":\"Webmaster\"}},{\"@type\":\"Place\",\"@id\":\"https:\/\/www.podnikajte.sk\/odpisy\/odpisove-skupiny-majetok-2024#local-place\",\"address\":{\"@type\":\"PostalAddress\",\"@id\":\"https:\/\/www.podnikajte.sk\/odpisy\/odpisove-skupiny-majetok-2024#local-place-address\",\"streetAddress\":\"\",\"addressLocality\":\"\",\"postalCode\":\"\",\"addressRegion\":\"\",\"addressCountry\":\"\"},\"geo\":{\"@type\":\"GeoCoordinates\",\"latitude\":\"\",\"longitude\":\"\"},\"openingHoursSpecification\":[{\"@type\":\"OpeningHoursSpecification\",\"dayOfWeek\":[\"Monday\",\"Tuesday\",\"Wednesday\",\"Thursday\",\"Friday\",\"Saturday\",\"Sunday\"],\"opens\":\"09:00\",\"closes\":\"17:00\"}]}]}<\/script>\n<!-- \/ Yoast SEO Premium plugin. -->","_links":{"self":[{"href":"https:\/\/ifl.sk\/hu\/wp-json\/wp\/v2\/posts\/608","targetHints":{"allow":["GET"]}}],"collection":[{"href":"https:\/\/ifl.sk\/hu\/wp-json\/wp\/v2\/posts"}],"about":[{"href":"https:\/\/ifl.sk\/hu\/wp-json\/wp\/v2\/types\/post"}],"author":[{"embeddable":true,"href":"https:\/\/ifl.sk\/hu\/wp-json\/wp\/v2\/users\/2"}],"replies":[{"embeddable":true,"href":"https:\/\/ifl.sk\/hu\/wp-json\/wp\/v2\/comments?post=608"}],"version-history":[{"count":5,"href":"https:\/\/ifl.sk\/hu\/wp-json\/wp\/v2\/posts\/608\/revisions"}],"predecessor-version":[{"id":617,"href":"https:\/\/ifl.sk\/hu\/wp-json\/wp\/v2\/posts\/608\/revisions\/617"}],"wp:featuredmedia":[{"embeddable":true,"href":"https:\/\/ifl.sk\/hu\/wp-json\/wp\/v2\/media\/610"}],"wp:attachment":[{"href":"https:\/\/ifl.sk\/hu\/wp-json\/wp\/v2\/media?parent=608"}],"wp:term":[{"taxonomy":"category","embeddable":true,"href":"https:\/\/ifl.sk\/hu\/wp-json\/wp\/v2\/categories?post=608"},{"taxonomy":"post_tag","embeddable":true,"href":"https:\/\/ifl.sk\/hu\/wp-json\/wp\/v2\/tags?post=608"}],"curies":[{"name":"wp","href":"https:\/\/api.w.org\/{rel}","templated":true}]}}