{"id":629,"date":"2025-01-26T09:49:53","date_gmt":"2025-01-26T08:49:53","guid":{"rendered":"https:\/\/ifl.sk\/?p=629"},"modified":"2025-01-31T09:51:55","modified_gmt":"2025-01-31T08:51:55","slug":"alapszamadatok-a-termeszetes-szemelyek-2024-es-adobevallasahoz","status":"publish","type":"post","link":"https:\/\/ifl.sk\/hu\/alapszamadatok-a-termeszetes-szemelyek-2024-es-adobevallasahoz","title":{"rendered":"Alapsz\u00e1madatok a term\u00e9szetes szem\u00e9lyek 2024-es ad\u00f3bevall\u00e1s\u00e1hoz"},"content":{"rendered":"<p>A 2024-es \u00e9v ad\u00f3bevall\u00e1s\u00e1nak helyes kit\u00f6lt\u00e9s\u00e9hez ismerni kell az ad\u00f3mentes t\u00e9teleket, az ad\u00f3kulcsokat \u00e9s egy\u00e9b fontos sz\u00e1madatokat.<\/p>\n<p><em>K\u00f6telezetts\u00e9g ad\u00f3bevall\u00e1s beny\u00fajt\u00e1s\u00e1ra 2024-re<\/em><\/p>\n<p><em>Az ad\u00f3bevall\u00e1s beny\u00fajt\u00e1s\u00e1ra k\u00f6telezettek 2024-re azok a term\u00e9szetes szem\u00e9lyek, akiknek:<\/em><\/p>\n<ul>\n<li><em>Az \u00f6sszes ad\u00f3z\u00e1s al\u00e1 es\u0151 bev\u00e9tel\u00fck 2024-ben meghaladta a 2 823,24 eur\u00f3t,<\/em><\/li>\n<li><em>Ad\u00f3vesztes\u00e9get \u00e9rtek el <\/em><em>(<\/em><em>m\u00e9g akkor is, ha a bev\u00e9tel\u00fck nem haladta meg a 2 823,24 eur\u00f3t),<\/em><\/li>\n<li><em>Az ad\u00f3hat\u00f3s\u00e1g felsz\u00f3l\u00edtotta \u0151ket az ad\u00f3bevall\u00e1s beny\u00fajt\u00e1s\u00e1ra (m\u00e9g akkor is, ha a k\u00e9t el\u0151z\u0151 pontban foglaltak alapj\u00e1n nem mer\u00fclt fel k\u00f6telezetts\u00e9g).<\/em><\/li>\n<li><em>Ad\u00f3bevall\u00e1st azok is beny\u00fajthatnak, akik nem voltak k\u00f6telezettek annak beny\u00fajt\u00e1s\u00e1ra, ha \u00f6nk\u00e9nt \u00fagy d\u00f6ntenek. Ennek oka f\u0151k\u00e9nt a befizetett ad\u00f3el\u0151legek visszat\u00e9r\u00edt\u00e9se, teh\u00e1t ad\u00f3-visszat\u00e9r\u00edt\u00e9s.<\/em><\/li>\n<\/ul>\n<h2><strong>Az ad\u00f3bevall\u00e1s beny\u00fajt\u00e1s\u00e1nak hat\u00e1rideje<\/strong><\/h2>\n<p>A 2024-es \u00e9v ad\u00f3bevall\u00e1s\u00e1nak hat\u00e1rideje 2025. m\u00e1rcius 31., amely maximum 3 h\u00f3nappal meghosszabb\u00edthat\u00f3 (2025. j\u00fanius 30.-ig), vagy ak\u00e1r 6 h\u00f3nappal is, ha a mag\u00e1nszem\u00e9ly k\u00fclf\u00f6ldi forr\u00e1sokb\u00f3l sz\u00e1rmaz\u00f3 bev\u00e9teleket is szerzett (2025. szeptember 30.-ig).<\/p>\n<h2><strong>Szem\u00e9lyi j\u00f6vedelemad\u00f3-kulcsok 2024-re<\/strong><\/h2>\n<p>A mag\u00e1nszem\u00e9lyek szem\u00e9lyi j\u00f6vedelemad\u00f3-kulcsa 2024-es ad\u00f3\u00e9vben:<\/p>\n<ol>\n<li>Az ad\u00f3alapb\u00f3l, amelyet a szem\u00e9lyi j\u00f6vedelemad\u00f3r\u00f3l sz\u00f3l\u00f3 t\u00f6rv\u00e9ny 4. \u00a7 (1) bekezd\u00e9s a) pontja szerint \u00e1llap\u00edtanak meg, azaz a munkaviszonyb\u00f3l sz\u00e1rmaz\u00f3 j\u00f6vedelem ad\u00f3alapj\u00e1nak (5. \u00a7) \u00f6sszeg\u00e9b\u0151l, amelyet cs\u00f6kkentenek ad\u00f3mentes r\u00e9szekkel vagy azok egy r\u00e9sz\u00e9vel (11. \u00a7), valamint a b\u00e9rleti d\u00edjb\u00f3l (6. \u00a7 (3)), m\u0171v\u00e9szeti alkot\u00e1sok felhaszn\u00e1l\u00e1s\u00e1b\u00f3l \u00e9s m\u0171v\u00e9szeti teljes\u00edtm\u00e9nyek felhaszn\u00e1l\u00e1s\u00e1b\u00f3l (6. \u00a7 (4)) sz\u00e1rmaz\u00f3 j\u00f6vedelmek \u00e9s egy\u00e9b j\u00f6vedelmek (8. \u00a7) ad\u00f3alapj\u00e1val:\n<ol>\n<li>19%-a annak a j\u00f6vedelemnek, amely nem haladja meg a 47 537,98 eur\u00f3t (ami a hat\u00e1lyos l\u00e9tminimum 176,8-szorosa),<\/li>\n<li>25%-a annak a j\u00f6vedelemnek, amely meghaladja a 47 537,98 eur\u00f3t (ami a hat\u00e1lyos l\u00e9tminimum 176,8-szorosa),<\/li>\n<\/ol>\n<\/li>\n<li>15%-a az ad\u00f3alapnak, amelyet a szem\u00e9lyi j\u00f6vedelemad\u00f3r\u00f3l sz\u00f3l\u00f3 t\u00f6rv\u00e9ny 4. \u00a7 (1) bekezd\u00e9s b) pontja szerint \u00e1llap\u00edtanak meg, azaz az egy\u00e9ni v\u00e1llalkoz\u00e1sb\u00f3l \u00e9s m\u00e1s \u00f6n\u00e1ll\u00f3 keres\u0151 tev\u00e9kenys\u00e9gb\u0151l (6. \u00a7 (1) \u00e9s (2) bekezd\u00e9s) sz\u00e1rmaz\u00f3 j\u00f6vedelem ad\u00f3alapj\u00e1nak, amelyet cs\u00f6kkentenek ad\u00f3mentes r\u00e9szekkel vagy azok egy r\u00e9sz\u00e9vel (11. \u00a7) \u00e9s az ad\u00f3vesztes\u00e9ggel, ha az ad\u00f3z\u00f3 2024-es ad\u00f3\u00e9vben olyan ad\u00f3k\u00f6teles j\u00f6vedelmet (bev\u00e9telt) szerzett, amely nem haladja meg a 60 000 eur\u00f3t,<\/li>\n<li>Az ad\u00f3alapb\u00f3l, amelyet a szem\u00e9lyi j\u00f6vedelemad\u00f3r\u00f3l sz\u00f3l\u00f3 t\u00f6rv\u00e9ny 4. \u00a7 (1) bekezd\u00e9s b) pontja szerint \u00e1llap\u00edtanak meg, azaz az egy\u00e9ni v\u00e1llalkoz\u00e1sb\u00f3l \u00e9s m\u00e1s \u00f6n\u00e1ll\u00f3 keres\u0151 tev\u00e9kenys\u00e9gb\u0151l (6. \u00a7 (1) \u00e9s (2) bekezd\u00e9s) sz\u00e1rmaz\u00f3 j\u00f6vedelem ad\u00f3alapj\u00e1b\u00f3l, amelyet cs\u00f6kkentenek ad\u00f3mentes r\u00e9szekkel vagy azok egy r\u00e9sz\u00e9vel (11. \u00a7) \u00e9s az ad\u00f3vesztes\u00e9ggel, ha az ad\u00f3z\u00f3 2024-es ad\u00f3\u00e9vben olyan ad\u00f3k\u00f6teles j\u00f6vedelmet szerzett, amely meghaladja a 60 000 eur\u00f3t,\n<ol>\n<li>19%-a annak a j\u00f6vedelemnek, amely nem haladja meg a 47 537,98 eur\u00f3t (ami a hat\u00e1lyos l\u00e9tminimum 176,8-szorosa),<\/li>\n<li>25%-a annak a j\u00f6vedelemnek, amely meghaladja a 47 537,98 eur\u00f3t (ami a hat\u00e1lyos l\u00e9tminimum 176,8-szorosa),<\/li>\n<\/ol>\n<\/li>\n<li>19%-a annak a speci\u00e1lis ad\u00f3alapnak, amelyet a t\u0151kemegt\u00e9r\u00fcl\u00e9sb\u0151l sz\u00e1rmaz\u00f3 j\u00f6vedelemb\u0151l \u00e1llap\u00edtanak meg (7. \u00a7),<\/li>\n<li>10%, (vagy 7%) a speci\u00e1lis ad\u00f3alapb\u00f3l, amelyet a szem\u00e9lyi j\u00f6vedelemad\u00f3r\u00f3l sz\u00f3l\u00f3 t\u00f6rv\u00e9ny 51e \u00a7 (3) bekezd\u00e9s a) pontja szerint \u00e1llap\u00edtanak meg (els\u0151sorban kifizetett osztal\u00e9kok),<\/li>\n<li>35%-a annak a speci\u00e1lis ad\u00f3alapnak, amelyet a szem\u00e9lyi j\u00f6vedelemad\u00f3r\u00f3l sz\u00f3l\u00f3 t\u00f6rv\u00e9ny 51e \u00a7 (3) bekezd\u00e9s b) pontja szerint \u00e1llap\u00edtanak meg (els\u0151sorban kifizetett osztal\u00e9kok, ha olyan jogi szem\u00e9lyt\u0151l sz\u00e1rmazik, amely nem egy\u00fcttm\u0171k\u00f6d\u0151 ad\u00f3\u00fcgyi \u00e1llam),<\/li>\n<li>5%-os k\u00fcl\u00f6nleges ad\u00f3kulcs (mely az alapkulcson fel\u00fcli) azon munkaviszonyb\u00f3l sz\u00e1rmaz\u00f3 j\u00f6vedelmekre, amelyeket az alkotm\u00e1nyos tiszts\u00e9gvisel\u0151k (p\u00e9ld\u00e1ul a szlov\u00e1k eln\u00f6k, a szlov\u00e1k parlamenti k\u00e9pvisel\u0151, a szlov\u00e1k korm\u00e1nytag, a legfels\u0151bb ellen\u0151rz\u00e9si hivatal eln\u00f6ke \u00e9s aleln\u00f6ke) sz\u00e1m\u00e1ra fizetnek, akik ezen j\u00f6vedelmeket a 120\/1993. sz. t\u00f6rv\u00e9ny alapj\u00e1n kapj\u00e1k, amely az alkotm\u00e1nyos tiszts\u00e9gvisel\u0151k fizet\u00e9si viszonyaira vonatkozik.<\/li>\n<\/ol>\n<p>A hat\u00e1lyos l\u00e9tminimum \u00f6sszege 2024. janu\u00e1r 1-j\u00e9t\u0151l 268,88 eur\u00f3.<\/p>\n<h2><strong>A k\u00f6vetkez\u0151 sz\u00e1madatok fontosak a 2024-es \u00e9v ad\u00f3bevall\u00e1s\u00e1nak kit\u00f6lt\u00e9s\u00e9hez, amelyet 2025-ben kell beny\u00fajtani:<\/strong><\/h2>\n<h2><strong>Ad\u00f3z\u00e1s al\u00f3li mentess\u00e9g a szem\u00e9lyi j\u00f6vedelemad\u00f3ban 2024-ben<\/strong><\/h2>\n<p>Az ad\u00f3alap mentess\u00e9ge csak az akt\u00edvan v\u00e9gzett munka (j\u00f6vedelem a munkaviszonyb\u00f3l \u00e9s a v\u00e1llalkoz\u00e1sb\u00f3l, illetve m\u00e1s \u00f6n\u00e1ll\u00f3 keresetb\u0151l sz\u00e1rmaz\u00f3 j\u00f6vedelem) eset\u00e9ben alkalmazhat\u00f3.<\/p>\n<p>Az ad\u00f3alap-mentess\u00e9g \u00f6sszege a k\u00f6vetkez\u0151k\u00e9ppen alakul:<\/p>\n<ul>\n<li>5 646,48 eur\u00f3, ha az ad\u00f3alap nem haladja meg a 24 952,06 eur\u00f3t,<\/li>\n<li>Ha az ad\u00f3alap meghaladja a 24 952,06 eur\u00f3t, az ad\u00f3alap-mentess\u00e9g az 11 884,50 eur\u00f3 \u00e9s az ad\u00f3alap egynegyed\u00e9nek k\u00fcl\u00f6nbs\u00e9ge. Ha ez az \u00f6sszeg negat\u00edv, az ad\u00f3alap-mentess\u00e9g nulla.<\/li>\n<\/ul>\n<h2><strong>Ad\u00f3z\u00e1s al\u00f3li mentess\u00e9g h\u00e1zast\u00e1rs eset\u00e9n 2024-ben<\/strong><\/h2>\n<p>Az ad\u00f3alany h\u00e1zast\u00e1rsa eset\u00e9n is \u00e9rv\u00e9nyes\u00edtheti az ad\u00f3alap-mentess\u00e9get a h\u00e1zast\u00e1rsra, ha:<\/p>\n<ul>\n<li>A h\u00e1zast\u00e1rs a j\u00f6vedelmet biztos\u00edt\u00f3 ad\u00f3alany h\u00e1ztart\u00e1s\u00e1ban \u00e9l, \u00e9s legal\u00e1bb az al\u00e1bbi felt\u00e9telek egyik\u00e9nek megfelel:\n<ul>\n<li>Kiskor\u00fa gyermekr\u0151l gondoskodik, aki az ad\u00f3alany h\u00e1ztart\u00e1s\u00e1ban \u00e9l,<\/li>\n<li>Az \u00e9v folyam\u00e1n \u00e1pol\u00f3i t\u00e1mogat\u00e1st kapott,<\/li>\n<li>Munkan\u00e9lk\u00fcli st\u00e1tuszban van,<\/li>\n<li>Eg\u00e9szs\u00e9g\u00fcgyi vagy s\u00falyos eg\u00e9szs\u00e9g\u00fcgyi fogyat\u00e9koss\u00e1ggal rendelkezik.<\/li>\n<\/ul>\n<\/li>\n<\/ul>\n<p>Ha ezek a felt\u00e9telek csak az \u00e9v egyes h\u00f3napjaiban teljes\u00fclnek, akkor az ad\u00f3alany csak a h\u00f3napar\u00e1nyosan \u00e9lhet ezzel a mentess\u00e9ggel (1\/12-es ar\u00e1nyban minden olyan h\u00f3napra, amelyben a felt\u00e9telek teljes\u00fcltek).<\/p>\n<p>Az ad\u00f3alap-mentess\u00e9g nagys\u00e1ga a h\u00e1zast\u00e1rs eset\u00e9n (ha az ad\u00f3alany ad\u00f3alapja \u2264 47 537,98 eur\u00f3):<\/p>\n<ul>\n<li>5 162,50 eur\u00f3, ha a h\u00e1zast\u00e1rs nem rendelkezik saj\u00e1t j\u00f6vedelemmel,<\/li>\n<li>Ha a h\u00e1zast\u00e1rsnak saj\u00e1t j\u00f6vedelme volt, ami nem haladja meg a 5 162,50 eur\u00f3t, akkor az ad\u00f3alap-mentess\u00e9g a k\u00f6vetkez\u0151k\u00e9ppen sz\u00e1m\u00edtand\u00f3: 5 162,50 eur\u00f3 m\u00ednusz a h\u00e1zast\u00e1rs saj\u00e1t j\u00f6vedelme,<\/li>\n<li>Ha a h\u00e1zast\u00e1rsnak a j\u00f6vedelme meghaladja a 5 162,50 eur\u00f3t, akkor az ad\u00f3alap- mentess\u00e9g nulla.<\/li>\n<\/ul>\n<p>Ha az ad\u00f3alany ad\u00f3alapja meghaladja a 47 537,98 eur\u00f3t:<\/p>\n<ul>\n<li>Ha a h\u00e1zast\u00e1rsnak nincs saj\u00e1t j\u00f6vedelme, akkor az ad\u00f3alap-mentess\u00e9g a k\u00f6vetkez\u0151k\u00e9ppen sz\u00e1m\u00edtand\u00f3: 17 046,99 eur\u00f3 m\u00ednusz a negyede az ad\u00f3alany ad\u00f3alapj\u00e1nak,<\/li>\n<li>Ha a h\u00e1zast\u00e1rsnak saj\u00e1t j\u00f6vedelme volt, akkor az ad\u00f3alap-mentess\u00e9g a k\u00f6vetkez\u0151k\u00e9ppen sz\u00e1m\u00edtand\u00f3: 17 046,99 eur\u00f3 m\u00ednusz a negyede az ad\u00f3alany ad\u00f3alapj\u00e1nak, amit cs\u00f6kkenteni kell m\u00e9g a h\u00e1zast\u00e1rs saj\u00e1t j\u00f6vedelm\u00e9vel. Ha az \u00edgy kisz\u00e1m\u00edtott \u00f6sszeg negat\u00edv, akkor az ad\u00f3alap-mentess\u00e9g nulla.<\/li>\n<\/ul>\n<p><u>A h\u00e1zast\u00e1rs saj\u00e1t j\u00f6vedelme:<\/u><\/p>\n<p>A h\u00e1zast\u00e1rs saj\u00e1t j\u00f6vedelme a fizetett j\u00e1rul\u00e9kok \u00e9s hozz\u00e1j\u00e1rul\u00e1sok levon\u00e1s\u00e1val ker\u00fcl meghat\u00e1roz\u00e1sra. Az ad\u00f3alap-mentess\u00e9g sz\u00e1m\u00edt\u00e1sa szempontj\u00e1b\u00f3l minden j\u00f6vedelmet figyelembe kell venni, m\u00e9g azokat a j\u00f6vedelmeket is, melyek mentes\u00edtettek az ad\u00f3z\u00e1s al\u00f3l, kiv\u00e9ve:<\/p>\n<ul>\n<li>A munkav\u00e1llal\u00f3i pr\u00e9miumot,<\/li>\n<li>A gyermek ut\u00e1n j\u00e1r\u00f3 ad\u00f3kedvezm\u00e9nyt,<\/li>\n<li>Nyugd\u00edjat \u00e9s m\u00e1s \u00e1llami t\u00e1mogat\u00e1sokat (pl. sz\u00fcl\u00e9si, betegszabads\u00e1gi juttat\u00e1sok, gyermekeknek j\u00e1r\u00f3 t\u00e1mogat\u00e1sok, \u00e1pol\u00f3i hozz\u00e1j\u00e1rul\u00e1s stb.).<\/li>\n<\/ul>\n<h2><strong>Az ad\u00f3mentess\u00e9g \u00e9rv\u00e9nyes\u00edt\u00e9se nem rezidens ad\u00f3alanyok eset\u00e9n:<\/strong><\/h2>\n<p>A nem rezidens ad\u00f3alanyok (korl\u00e1tozott ad\u00f3k\u00f6telezetts\u00e9ggel b\u00edr\u00f3 szem\u00e9lyek) csak akkor \u00e9rv\u00e9nyes\u00edthetik az ad\u00f3alap-mentess\u00e9get h\u00e1zast\u00e1rsuk eset\u00e9ben, ha a Szlov\u00e1ki\u00e1ban szerzett ad\u00f3alany j\u00f6vedelme az \u00f6sszes j\u00f6vedelme legal\u00e1bb 90%-\u00e1t teszi ki, amely a Szlov\u00e1ki\u00e1ban \u00e9s k\u00fclf\u00f6ld\u00f6n szerzett j\u00f6vedelmekb\u0151l sz\u00e1rmazik.<\/p>\n<p>A fenti szab\u00e1lyok alkalmazand\u00f3k az ad\u00f3alap-mentess\u00e9g \u00e9rv\u00e9nyes\u00edt\u00e9s\u00e9re 2024-re vonatkoz\u00f3an az ad\u00f3bevall\u00e1s 2025-\u00f6s beny\u00fajt\u00e1sakor.<\/p>\n<h2><strong>Ad\u00f3alap-mentess\u00e9g az \u00fan. 3. pill\u00e9rhez 2024-re<\/strong><\/h2>\n<p>Ad\u00f3mentes alap &#8211; kieg\u00e9sz\u00edt\u0151 nyugd\u00edjbiztos\u00edt\u00e1si hozz\u00e1j\u00e1rul\u00e1sok (III. pill\u00e9r):<\/p>\n<ul>\n<li>az ad\u00f3alap-mentess\u00e9g az adott \u00e9vben t\u00e9nylegesen kifizetett \u00f6sszeg alapj\u00e1n legfeljebb 180 eur\u00f3ig \u00e9rv\u00e9nyes,<\/li>\n<li>az ad\u00f3alap-mentess\u00e9g kiz\u00e1r\u00f3lag a j\u00f6vedelem alapj\u00e1t k\u00e9pez\u0151 munkaviszonyb\u00f3l sz\u00e1rmaz\u00f3 j\u00f6vedelem, v\u00e1llalkoz\u00f3i vagy egy\u00e9b \u00f6n\u00e1ll\u00f3 j\u00f6vedelemb\u0151l, vagy azok \u00f6sszeg\u00e9b\u0151l sz\u00e1molhat\u00f3,<\/li>\n<li>az ad\u00f3alap-mentess\u00e9g csak akkor alkalmazhat\u00f3, ha a kieg\u00e9sz\u00edt\u0151 nyugd\u00edjbiztos\u00edt\u00e1sra befizetett hozz\u00e1j\u00e1rul\u00e1sokat a 2013. december 31. ut\u00e1n al\u00e1\u00edrt szerz\u0151d\u00e9s alapj\u00e1n fizette be az ad\u00f3z\u00f3, vagy a szerz\u0151d\u00e9s m\u00f3dos\u00edt\u00e1sa ut\u00e1n, amelyben a juttat\u00e1si terv t\u00f6rl\u00e9s\u00e9re ker\u00fclt sor; az ad\u00f3z\u00f3 nem rendelkezhet m\u00e1s szerz\u0151d\u00e9ssel a kieg\u00e9sz\u00edt\u0151 nyugd\u00edjbiztos\u00edt\u00e1si t\u00f6rv\u00e9ny \u00e9rtelm\u00e9ben, amelyben nem ker\u00fclt sor a juttat\u00e1si terv t\u00f6rl\u00e9s\u00e9re.<\/li>\n<\/ul>\n<p>A korl\u00e1tozott ad\u00f3k\u00f6telezetts\u00e9ggel rendelkez\u0151 ad\u00f3z\u00f3 (nem rezidens) jogosult a 2024-es \u00e9vre sz\u00f3l\u00f3 ad\u00f3alap-mentess\u00e9g ig\u00e9nybev\u00e9tel\u00e9re, ha a 2024-es \u00e9vben el\u00e9rt ad\u00f3zott j\u00f6vedelmeinek legal\u00e1bb 90%-a a Szlov\u00e1k K\u00f6zt\u00e1rsas\u00e1g ter\u00fclet\u00e9n szerzett j\u00f6vedelmekb\u0151l sz\u00e1rmazik, figyelembe v\u00e9ve a belf\u00f6ldi \u00e9s k\u00fclf\u00f6ldi forr\u00e1sokat is.<\/p>\n<h2><strong>Ad\u00f3j\u00f3v\u00e1\u00edr\u00e1s eltartott gyermekek ut\u00e1n \u00e9s a fizetett jelz\u00e1loghitel-kamatok ut\u00e1n 2024-re<\/strong><\/h2>\n<p>2024-ben az ad\u00f3z\u00f3 az eltartott gyermek ut\u00e1n a k\u00f6vetkez\u0151 ad\u00f3j\u00f3v\u00e1\u00edr\u00e1st ig\u00e9nyelheti:<\/p>\n<ul>\n<li>50 eur\u00f3 havonta, ha az eltartott gyermek bet\u00f6lt\u00f6tte a 18. \u00e9let\u00e9v\u00e9t,<\/li>\n<li>140 eur\u00f3 havonta, ha az eltartott gyermek nem t\u00f6lt\u00f6tte be a 18. \u00e9let\u00e9v\u00e9t, \u00e9s ezt az utols\u00f3 h\u00f3napban is ig\u00e9nybe vehetik, amelyben a gyermek bet\u00f6lt\u00f6tte a 18. \u00e9let\u00e9v\u00e9t.<\/li>\n<\/ul>\n<p>Az ad\u00f3j\u00f3v\u00e1\u00edr\u00e1st legfeljebb az ad\u00f3alap (vagy r\u00e9szleges ad\u00f3alap) meghat\u00e1rozott sz\u00e1zal\u00e9k\u00e1ig lehet ig\u00e9nybe venni, amely a 5. \u00a7 (munkaviszonyb\u00f3l sz\u00e1rmaz\u00f3 j\u00f6vedelem) vagy a 6. \u00a7 (v\u00e1llalkoz\u00f3i \u00e9s egy\u00e9b \u00f6n\u00e1ll\u00f3 j\u00f6vedelem) alapj\u00e1n sz\u00e1m\u00edtott j\u00f6vedelemb\u0151l sz\u00e1rmazik.<\/p>\n<p>A fizetett kamatokra vonatkoz\u00f3 ad\u00f3j\u00f3v\u00e1\u00edr\u00e1s a 2023. december 31-ig megk\u00f6t\u00f6tt lak\u00e1shitel-szerz\u0151d\u00e9sek eset\u00e9n a fizetett kamatok 50%-\u00e1t jelenti, legfeljebb 400 eur\u00f3ig (speci\u00e1lis felt\u00e9telek teljes\u00edt\u00e9se eset\u00e9n).<\/p>\n<p>A fizetett kamatokra vonatkoz\u00f3 ad\u00f3j\u00f3v\u00e1\u00edr\u00e1s a 2023. december 31. ut\u00e1n megk\u00f6t\u00f6tt lak\u00e1shitel-szerz\u0151d\u00e9sek eset\u00e9n a fizetett kamatok 50%-\u00e1t jelenti, legfeljebb 1200 eur\u00f3ig (speci\u00e1lis felt\u00e9telek teljes\u00edt\u00e9se eset\u00e9n).<\/p>\n<h2><strong>Ad\u00f3mentes j\u00f6vedelmek 2024-re<\/strong><\/h2>\n<p>Az ad\u00f3z\u00f3, term\u00e9szetes szem\u00e9ly t\u00f6bbf\u00e9le ad\u00f3mentess\u00e9get is ig\u00e9nybe vehet.<\/p>\n<p><u>Ad\u00f3mentes j\u00f6vedelmek legfeljebb 500 eur\u00f3ig &#8211; b\u00e9rbead\u00e1s \u00e9s alkalmi tev\u00e9kenys\u00e9gek<\/u>:<\/p>\n<p>Ez az ingatlanb\u00e9rbead\u00e1sb\u00f3l (\u00a7 6 (3.bekezd\u00e9s)) \u00e9s az alkalmi tev\u00e9kenys\u00e9gekb\u0151l sz\u00e1rmaz\u00f3 j\u00f6vedelem \u00f6sszeg\u00e9t jelenti, bele\u00e9rtve az alkalmi mez\u0151gazdas\u00e1gi tev\u00e9kenys\u00e9gb\u0151l, erd\u00e9szeti \u00e9s v\u00edzgazd\u00e1lkod\u00e1sb\u00f3l, valamint a vagyont\u00e1rgyak alkalmi b\u00e9rbead\u00e1s\u00e1b\u00f3l sz\u00e1rmaz\u00f3 j\u00f6vedelmeket [8. \u00a7 (1) (a) pont]. Ha ezek a j\u00f6vedelmek k\u00f6lts\u00e9gekkel cs\u00f6kkentve meghaladj\u00e1k az 500 eur\u00f3t, az ad\u00f3alapba csak az 500 eur\u00f3t meghalad\u00f3 j\u00f6vedelmeket kell besz\u00e1m\u00edtani.<\/p>\n<p><em>Fontos megjegyz\u00e9s: Az alkalmi tev\u00e9kenys\u00e9gb\u0151l sz\u00e1rmaz\u00f3 j\u00f6vedelem nem tekinthet\u0151 annak, amely olyan szerz\u0151d\u00e9ses viszony alapj\u00e1n keletkezik, ha a kifizet\u0151 ad\u00f3z\u00f3, amely jogi szem\u00e9ly vagy \u00f6n\u00e1ll\u00f3 j\u00f6vedelemmel rendelkez\u0151 term\u00e9szetes szem\u00e9ly, cs\u00f6kkentheti az ad\u00f3alapot a 17. \u00a7 &#8211; 29. \u00a7 szerint a megfelel\u0151 k\u00f6nyvel\u00e9si bizonylat alapj\u00e1n kifizetett d\u00edjjal.<\/em><\/p>\n<p><u>Ad\u00f3mentes j\u00f6vedelmek legfeljebb 500 eur\u00f3ig &#8211; opci\u00f3k, \u00e9rt\u00e9kpap\u00edrok \u00e9s r\u00e9szesed\u00e9sek<\/u> \u00e1truh\u00e1z\u00e1sa: Ez az opci\u00f3k \u00e1truh\u00e1z\u00e1s\u00e1b\u00f3l, \u00e9rt\u00e9kpap\u00edrok \u00e1truh\u00e1z\u00e1s\u00e1b\u00f3l (amelyeket 2004. janu\u00e1r 1-je ut\u00e1n szereztek be), t\u00e1rsas\u00e1gokban val\u00f3 r\u00e9szesed\u00e9sek \u00e1truh\u00e1z\u00e1s\u00e1b\u00f3l (amelyeket 2004. janu\u00e1r 1-je ut\u00e1n szereztek be) sz\u00e1rmaz\u00f3 j\u00f6vedelmek \u00f6sszeg\u00e9re vonatkozik, k\u00f6lts\u00e9gekkel cs\u00f6kkentve (\u00a7 8 (5) \u00e9s (7) \u00a7). Ha ezek a j\u00f6vedelmek a k\u00f6lts\u00e9gekkel cs\u00f6kkentve meghaladj\u00e1k az 500 eur\u00f3t, az ad\u00f3alapba csak az 500 eur\u00f3t meghalad\u00f3 j\u00f6vedelmeket kell besz\u00e1m\u00edtani.<\/p>\n<p><em>Fontos megjegyz\u00e9s: Az ad\u00f3mentess\u00e9g vonatkoz\u00e1s\u00e1ban, amely a 8. \u00a7 (1) (d)-(f) bekezd\u00e9s\u00e9ben meghat\u00e1rozott eszk\u00f6z\u00f6k (opci\u00f3k, \u00e9rt\u00e9kpap\u00edrok, r\u00e9szesed\u00e9sek \u00e1truh\u00e1z\u00e1sa) 2004. janu\u00e1r 1-je \u00e9s 2010. december 31. k\u00f6z\u00f6tt t\u00f6rt\u00e9nt megszerz\u00e9s\u00e9re vonatkozik, a mentes\u00edt\u00e9s \u00f6sszege 925,95 eur\u00f3 (az \u00e9rv\u00e9nyes minim\u00e1lis \u00e9letminimum 5-sz\u00f6r\u00f6se) alkalmazand\u00f3.<\/em><\/p>\n<p><em>Ha az ad\u00f3z\u00f3 egyidej\u0171leg b\u00e9rbead\u00e1sb\u00f3l, alkalmi tev\u00e9kenys\u00e9gekb\u0151l, valamint opci\u00f3k, \u00e9rt\u00e9kpap\u00edrok vagy t\u00e1rsas\u00e1gi r\u00e9szesed\u00e9sek \u00e1truh\u00e1z\u00e1s\u00e1b\u00f3l is j\u00f6vedelmet szerzett, akkor az ad\u00f3mentess\u00e9g legfeljebb 500 eur\u00f3 \u00f6sszegben \u00e9rv\u00e9nyes\u00edthet\u0151.<\/em><\/p>\n<p><u>Ad\u00f3mentes j\u00f6vedelmek legfeljebb 350 eur\u00f3ig \u2013 d\u00edjak \u00e9s nyerem\u00e9nyek<\/u><\/p>\n<p>Ez vonatkozik a kapott d\u00edjakra vagy nyerem\u00e9nyekre, amelyek \u00e9rt\u00e9ke nem haladja meg a 350 eur\u00f3t d\u00edjank\u00e9nt vagy nyerem\u00e9nyenk\u00e9nt; ha a j\u00f6vedelem meghaladja a 350 eur\u00f3t, az ad\u00f3alapba csak az ezt meghalad\u00f3 j\u00f6vedelem ker\u00fcl bele.<\/p>\n<p><em>Fontos megjegyz\u00e9s: A sorsjegy- \u00e9s egy\u00e9b hasonl\u00f3 j\u00e1t\u00e9kokb\u00f3l sz\u00e1rmaz\u00f3 nyerem\u00e9nyek, amelyeket a sorsjegyek \u00e9s hasonl\u00f3 j\u00e1t\u00e9kok m\u0171k\u00f6dtet\u00e9s\u00e9re vonatkoz\u00f3 t\u00f6rv\u00e9ny alapj\u00e1n enged\u00e9lyeztek, \u00e9s hasonl\u00f3 nyerem\u00e9nyek k\u00fclf\u00f6ldr\u0151l, teljes m\u00e9rt\u00e9kben mentesek az ad\u00f3 al\u00f3l.<\/em><\/p>\n<p><em>A sportversenyr\u0151l sz\u00e1rmaz\u00f3 d\u00edj, amelyet olyan ad\u00f3z\u00f3 kapott, akinek a sporttev\u00e9kenys\u00e9ge m\u00e1s \u00f6n\u00e1ll\u00f3 j\u00f6vedelemszerz\u0151 tev\u00e9kenys\u00e9gk\u00e9nt szerepel a 6. \u00a7 (2) (e) pontja alapj\u00e1n, nem mentes az ad\u00f3 al\u00f3l m\u00e9g 350 eur\u00f3ig sem.<\/em><\/p>\n<p><em>Ha a d\u00edj tartalmazza a m\u0171alkot\u00e1s vagy m\u0171v\u00e9szeti teljes\u00edtm\u00e9ny felhaszn\u00e1l\u00e1s\u00e1ra vonatkoz\u00f3 d\u00edjat, akkor ez a d\u00edj a j\u00f6vedelem r\u00e9sz\u00e9t k\u00e9pezi a 6. \u00a7 szerint, \u00e9s nem mentes az ad\u00f3 al\u00f3l.<\/em><\/p>\n<h2><strong>K\u00f6lts\u00e9gek \u00e9rv\u00e9nyes\u00edt\u00e9se sz\u00e1zal\u00e9kban a j\u00f6vedelemb\u0151l (\u00e1tal\u00e1nyk\u00f6lts\u00e9gek) 2024-re<\/strong><\/h2>\n<p>Az \u00e1tal\u00e1nyk\u00f6lts\u00e9gek m\u00e9rt\u00e9ke:<\/p>\n<ul>\n<li>60% az ad\u00f3z\u00f3 sz\u00e1m\u00e1ra, aki v\u00e1llalkoz\u00e1sb\u00f3l vagy m\u00e1s \u00f6n\u00e1ll\u00f3 j\u00f6vedelemszerz\u0151 tev\u00e9kenys\u00e9gb\u0151l szerzi j\u00f6vedelm\u00e9t (6. \u00a7 (1) \u00e9s (2) bekezd\u00e9s), legfeljebb \u00e9vi 20 000 eur\u00f3ig,<\/li>\n<li>60% az ad\u00f3z\u00f3 sz\u00e1m\u00e1ra, aki m\u0171alkot\u00e1s vagy m\u0171v\u00e9szeti teljes\u00edtm\u00e9ny felhaszn\u00e1l\u00e1s\u00e1b\u00f3l szerzi j\u00f6vedelm\u00e9t (6. \u00a7 (4) bekezd\u00e9s), legfeljebb \u00e9vi 20 000 eur\u00f3ig,<\/li>\n<li>25% az ad\u00f3z\u00f3 sz\u00e1m\u00e1ra, aki alkalmi mez\u0151gazdas\u00e1gi termel\u00e9sb\u0151l, erd\u00e9szeti vagy v\u00edzgazd\u00e1lkod\u00e1sb\u00f3l szerzi j\u00f6vedelm\u00e9t [8. \u00a7 (1) (a) pont], legfeljebb \u00e9vi 5 040 eur\u00f3ig.<\/li>\n<\/ul>\n<h2><strong>Minim\u00e1lis ad\u00f3\u00f6sszeg, fizetend\u0151 ad\u00f3 \u00e9s ad\u00f3visszat\u00e9r\u00edt\u00e9s 2024-re<\/strong><\/h2>\n<p>A term\u00e9szetes szem\u00e9ly nem k\u00f6teles ad\u00f3t fizetni, ha a 2024-es ad\u00f3\u00e9vre vonatkoz\u00f3 ad\u00f3 nem haladja meg a 17 eur\u00f3t, vagy ha az ad\u00f3z\u00f3 teljes j\u00f6vedelme a 2024-es ad\u00f3\u00e9vben nem haladja meg a 2 823,24 eur\u00f3t. Ez nem vonatkozik a 46a. \u00a7-ban meghat\u00e1rozott esetekre.<\/p>\n<p>Az ad\u00f3bevall\u00e1sban kisz\u00e1m\u00edtott fizetend\u0151 ad\u00f3t nem kell kifizetni, ha az nem haladja meg az 5 eur\u00f3t.<\/p>\n<p>Az ad\u00f3hat\u00f3s\u00e1g visszat\u00e9r\u00edti az ad\u00f3visszat\u00e9r\u00edt\u00e9st, ha az nagyobb, mint 5 eur\u00f3.<\/p>\n<p>&nbsp;<\/p>\n<p><em>Forr\u00e1s:\u00a0<a href=\"https:\/\/www.podnikajte.sk\/dan-z-prijmov\/dolezite-cisla-danove-priznanie-fo-2024\" target=\"_blank\" rel=\"noopener\">D\u00f4le\u017eit\u00e9 \u010d\u00edsla pre da\u0148ov\u00e9 priznanie fyzickej osoby za rok 2024<\/a>, Podnikajte.sk<\/em><\/p>\n<p>&nbsp;<\/p>\n","protected":false},"excerpt":{"rendered":"<p>A 2024-es \u00e9v ad\u00f3bevall\u00e1s\u00e1nak helyes kit\u00f6lt\u00e9s\u00e9hez ismerni kell az ad\u00f3mentes t\u00e9teleket, az ad\u00f3kulcsokat \u00e9s egy\u00e9b fontos sz\u00e1madatokat. K\u00f6telezetts\u00e9g ad\u00f3bevall\u00e1s beny\u00fajt\u00e1s\u00e1ra 2024-re Az ad\u00f3bevall\u00e1s beny\u00fajt\u00e1s\u00e1ra k\u00f6telezettek 2024-re<span class=\"excerpt-hellip\"> [\u2026]<\/span><\/p>\n","protected":false},"author":2,"featured_media":630,"comment_status":"open","ping_status":"open","sticky":false,"template":"","format":"standard","meta":{"footnotes":""},"categories":[29],"tags":[],"class_list":["post-629","post","type-post","status-publish","format-standard","has-post-thumbnail","hentry","category-adozas"],"acf":[],"yoast_head":"<!-- This site is optimized with the Yoast SEO Premium plugin v15.2 - https:\/\/yoast.com\/wordpress\/plugins\/seo\/ -->\n<title>Alapsz\u00e1madatok a term\u00e9szetes szem\u00e9lyek 2024-es ad\u00f3bevall\u00e1s\u00e1hoz - Ing. Ludov\u00edt Fiala - IFL<\/title>\n<meta name=\"robots\" content=\"index, follow, max-snippet:-1, max-image-preview:large, max-video-preview:-1\" \/>\n<link rel=\"canonical\" href=\"https:\/\/www.podnikajte.sk\/dan-z-prijmov\/dolezite-cisla-danove-priznanie-fo-2024\" \/>\n<meta property=\"og:locale\" content=\"hu_HU\" \/>\n<meta property=\"og:type\" content=\"article\" \/>\n<meta property=\"og:title\" content=\"Alapsz\u00e1madatok a term\u00e9szetes szem\u00e9lyek 2024-es ad\u00f3bevall\u00e1s\u00e1hoz - Ing. Ludov\u00edt Fiala - IFL\" \/>\n<meta property=\"og:description\" content=\"A 2024-es \u00e9v ad\u00f3bevall\u00e1s\u00e1nak helyes kit\u00f6lt\u00e9s\u00e9hez ismerni kell az ad\u00f3mentes t\u00e9teleket, az ad\u00f3kulcsokat \u00e9s egy\u00e9b fontos sz\u00e1madatokat. K\u00f6telezetts\u00e9g ad\u00f3bevall\u00e1s beny\u00fajt\u00e1s\u00e1ra 2024-re Az ad\u00f3bevall\u00e1s beny\u00fajt\u00e1s\u00e1ra k\u00f6telezettek 2024-re [\u2026]\" \/>\n<meta property=\"og:url\" content=\"https:\/\/www.podnikajte.sk\/dan-z-prijmov\/dolezite-cisla-danove-priznanie-fo-2024\" \/>\n<meta property=\"og:site_name\" content=\"Ing. Ludov\u00edt Fiala - IFL\" \/>\n<meta property=\"article:published_time\" content=\"2025-01-26T08:49:53+00:00\" \/>\n<meta property=\"article:modified_time\" content=\"2025-01-31T08:51:55+00:00\" \/>\n<meta property=\"og:image\" content=\"https:\/\/ifl.sk\/wp-content\/uploads\/2025\/01\/fifty-euros-banknotes.jpg\" \/>\n\t<meta property=\"og:image:width\" content=\"2000\" \/>\n\t<meta property=\"og:image:height\" content=\"1333\" \/>\n<meta name=\"twitter:card\" content=\"summary_large_image\" \/>\n<meta name=\"twitter:label1\" value=\"Szerz\u0151:\">\n\t<meta name=\"twitter:data1\" value=\"Webmaster\">\n\t<meta name=\"twitter:label2\" value=\"Becs\u00fclt olvas\u00e1si id\u0151\">\n\t<meta name=\"twitter:data2\" value=\"11 perc\">\n<script type=\"application\/ld+json\" class=\"yoast-schema-graph\">{\"@context\":\"https:\/\/schema.org\",\"@graph\":[{\"@type\":\"WebSite\",\"@id\":\"https:\/\/ifl.sk\/#website\",\"url\":\"https:\/\/ifl.sk\/\",\"name\":\"Ing. Ludov\\u00edt Fiala - IFL\",\"description\":\"\\u00da\\u010dtovn\\u00edctvo a da\\u0148ov\\u00e9 poradenstvo\",\"potentialAction\":[{\"@type\":\"SearchAction\",\"target\":\"https:\/\/ifl.sk\/?s={search_term_string}\",\"query-input\":\"required name=search_term_string\"}],\"inLanguage\":\"hu\"},{\"@type\":\"ImageObject\",\"@id\":\"https:\/\/www.podnikajte.sk\/dan-z-prijmov\/dolezite-cisla-danove-priznanie-fo-2024#primaryimage\",\"inLanguage\":\"hu\",\"url\":\"https:\/\/ifl.sk\/wp-content\/uploads\/2025\/01\/fifty-euros-banknotes.jpg\",\"width\":2000,\"height\":1333,\"caption\":\"Fifty Euros Banknotes\"},{\"@type\":\"WebPage\",\"@id\":\"https:\/\/www.podnikajte.sk\/dan-z-prijmov\/dolezite-cisla-danove-priznanie-fo-2024#webpage\",\"url\":\"https:\/\/www.podnikajte.sk\/dan-z-prijmov\/dolezite-cisla-danove-priznanie-fo-2024\",\"name\":\"Alapsz\\u00e1madatok a term\\u00e9szetes szem\\u00e9lyek 2024-es ad\\u00f3bevall\\u00e1s\\u00e1hoz - Ing. Ludov\\u00edt Fiala - IFL\",\"isPartOf\":{\"@id\":\"https:\/\/ifl.sk\/#website\"},\"primaryImageOfPage\":{\"@id\":\"https:\/\/www.podnikajte.sk\/dan-z-prijmov\/dolezite-cisla-danove-priznanie-fo-2024#primaryimage\"},\"datePublished\":\"2025-01-26T08:49:53+00:00\",\"dateModified\":\"2025-01-31T08:51:55+00:00\",\"author\":{\"@id\":\"https:\/\/ifl.sk\/#\/schema\/person\/65fdd36dbb51fc14daad28e78bca81d8\"},\"inLanguage\":\"hu\",\"potentialAction\":[{\"@type\":\"ReadAction\",\"target\":[\"https:\/\/www.podnikajte.sk\/dan-z-prijmov\/dolezite-cisla-danove-priznanie-fo-2024\"]}]},{\"@type\":\"Person\",\"@id\":\"https:\/\/ifl.sk\/#\/schema\/person\/65fdd36dbb51fc14daad28e78bca81d8\",\"name\":\"Webmaster\",\"image\":{\"@type\":\"ImageObject\",\"@id\":\"https:\/\/ifl.sk\/#personlogo\",\"inLanguage\":\"hu\",\"url\":\"https:\/\/secure.gravatar.com\/avatar\/fa59eca08843b85c389150eefabacd4804ff4c76f167dee611a1cc2a88021a3d?s=96&d=mm&r=g\",\"caption\":\"Webmaster\"}},{\"@type\":\"Place\",\"@id\":\"https:\/\/www.podnikajte.sk\/dan-z-prijmov\/dolezite-cisla-danove-priznanie-fo-2024#local-place\",\"address\":{\"@type\":\"PostalAddress\",\"@id\":\"https:\/\/www.podnikajte.sk\/dan-z-prijmov\/dolezite-cisla-danove-priznanie-fo-2024#local-place-address\",\"streetAddress\":\"\",\"addressLocality\":\"\",\"postalCode\":\"\",\"addressRegion\":\"\",\"addressCountry\":\"\"},\"geo\":{\"@type\":\"GeoCoordinates\",\"latitude\":\"\",\"longitude\":\"\"},\"openingHoursSpecification\":[{\"@type\":\"OpeningHoursSpecification\",\"dayOfWeek\":[\"Monday\",\"Tuesday\",\"Wednesday\",\"Thursday\",\"Friday\",\"Saturday\",\"Sunday\"],\"opens\":\"09:00\",\"closes\":\"17:00\"}]}]}<\/script>\n<!-- \/ Yoast SEO Premium plugin. -->","_links":{"self":[{"href":"https:\/\/ifl.sk\/hu\/wp-json\/wp\/v2\/posts\/629","targetHints":{"allow":["GET"]}}],"collection":[{"href":"https:\/\/ifl.sk\/hu\/wp-json\/wp\/v2\/posts"}],"about":[{"href":"https:\/\/ifl.sk\/hu\/wp-json\/wp\/v2\/types\/post"}],"author":[{"embeddable":true,"href":"https:\/\/ifl.sk\/hu\/wp-json\/wp\/v2\/users\/2"}],"replies":[{"embeddable":true,"href":"https:\/\/ifl.sk\/hu\/wp-json\/wp\/v2\/comments?post=629"}],"version-history":[{"count":3,"href":"https:\/\/ifl.sk\/hu\/wp-json\/wp\/v2\/posts\/629\/revisions"}],"predecessor-version":[{"id":635,"href":"https:\/\/ifl.sk\/hu\/wp-json\/wp\/v2\/posts\/629\/revisions\/635"}],"wp:featuredmedia":[{"embeddable":true,"href":"https:\/\/ifl.sk\/hu\/wp-json\/wp\/v2\/media\/630"}],"wp:attachment":[{"href":"https:\/\/ifl.sk\/hu\/wp-json\/wp\/v2\/media?parent=629"}],"wp:term":[{"taxonomy":"category","embeddable":true,"href":"https:\/\/ifl.sk\/hu\/wp-json\/wp\/v2\/categories?post=629"},{"taxonomy":"post_tag","embeddable":true,"href":"https:\/\/ifl.sk\/hu\/wp-json\/wp\/v2\/tags?post=629"}],"curies":[{"name":"wp","href":"https:\/\/api.w.org\/{rel}","templated":true}]}}